{"id":925,"date":"2023-12-01T07:36:15","date_gmt":"2023-12-01T07:36:15","guid":{"rendered":"http:\/\/camelorestaurantes.com\/camelo\/?p=925"},"modified":"2023-12-06T20:03:58","modified_gmt":"2023-12-06T20:03:58","slug":"o-peru-no-natal-e-no-camelo","status":"publish","type":"post","link":"https:\/\/camelorestaurantes.com\/camelo\/o-peru-no-natal-e-no-camelo\/","title":{"rendered":"O Peru \u00e9 o Prato Especial do Natal"},"content":{"rendered":"<p><script async src=\"https:\/\/pagead2.googlesyndication.com\/pagead\/js\/adsbygoogle.js?client=ca-pub-8842648741801767\" crossorigin=\"anonymous\"><\/script><\/p>\n<h3>Saboroso, suculento e com recheio de mestre, que se mant\u00e9m no segredo da cozinha Real e do Camelo, o peru \u00e9 prato t\u00edpico da ceia de Natal que n\u00e3o pode faltar na sua mesa.<\/h3>\n<p>Das mais antigas tradi\u00e7\u00f5es de Natal, o prato principal\u00a0 \u00e9 o Peru! Ainda que tenha sido inserido no s\u00e9culo XVI, o recheio cont\u00ednua no segredo das cozinheiras da Rainha. Estamos com sorte que a Chef da Rainha est\u00e1 connosco. Especula-se que a primeira vez que o peru torno-se num prato comemorativo no Natal foi em 1621, no jantar da rainha de Inglaterra, no s\u00e9culo XVI.<\/p>\n<p>S\u00e9culos depois a tradi\u00e7\u00e3o mant\u00e9m-se nos lares dos Portugueses.<\/p>\n<p>Em plena natureza, afastados das confus\u00f5es vivem tranquilamente os nossos perus. Porque o peru mais saboroso \u00e9 aquele vive tranquilamente e livre nos nossos campos, o designado &#8221; Peru Caseiro&#8221;.<\/p>\n<p><img loading=\"lazy\" decoding=\"async\" class=\"alignnone size-full wp-image-930\" src=\"http:\/\/camelorestaurantes.com\/camelo\/wp-content\/uploads\/2020\/12\/vivetranquliamente.jpg\" alt=\"\" width=\"880\" height=\"332\" srcset=\"https:\/\/camelorestaurantes.com\/camelo\/wp-content\/uploads\/2020\/12\/vivetranquliamente.jpg 880w, https:\/\/camelorestaurantes.com\/camelo\/wp-content\/uploads\/2020\/12\/vivetranquliamente-300x113.jpg 300w, https:\/\/camelorestaurantes.com\/camelo\/wp-content\/uploads\/2020\/12\/vivetranquliamente-768x290.jpg 768w\" sizes=\"auto, (max-width: 880px) 100vw, 880px\" \/><\/p>\n<p>&nbsp;<\/p>\n<h3>Fa\u00e7a j\u00e1 a sua encomenda : 258 839 090 \u2013 919 983 924 \u2013 Reservas@camelorestaurantes.com<\/h3>\n<h4><strong>Veja tamb\u00e9m\u00a0<\/strong><\/h4>\n<div data-pm-slice=\"1 1 []\" data-en-clipboard=\"true\"><strong>DOCES DE NATAL<\/strong><\/div>\n<div><a href=\"http:\/\/bit.ly\/DocesdeNatal_Camelo\" rev=\"en_rl_none\">http:\/\/bit.ly\/DocesdeNatal_Camelo<\/a><\/div>\n<div><\/div>\n<div><strong>GALO RECHEADO<\/strong><\/div>\n<div><a href=\"https:\/\/camelorestaurantes.com\/camelo\/galo-recheado\">https:\/\/camelorestaurantes.com\/camelo\/galo-recheado<\/a><\/div>\n<div><\/div>\n<div><strong>Ofere\u00e7a a melhor Experi\u00eancia Gastron\u00f3mica!<\/strong><\/div>\n<div><a href=\"https:\/\/bit.ly\/NatalCameloVoucher\" rev=\"en_rl_none\">https:\/\/bit.ly\/NatalCameloVoucher<\/a><\/div>\n<h4><strong>Valor : 23,5 \u20ac kg<\/strong><\/h4>\n<p>&nbsp;<\/p>\n","protected":false},"excerpt":{"rendered":"<p>Saboroso, suculento e com recheio de mestre, que se mant\u00e9m no segredo da cozinha Real e do Camelo, o peru \u00e9 prato t\u00edpico da ceia de Natal que n\u00e3o pode faltar na sua mesa. Das mais antigas tradi\u00e7\u00f5es de Natal, o prato principal\u00a0 \u00e9 o Peru! Ainda que tenha sido inserido no s\u00e9culo XVI, o&hellip;<\/p>\n","protected":false},"author":1,"featured_media":926,"comment_status":"closed","ping_status":"closed","sticky":false,"template":"","format":"standard","meta":{"footnotes":""},"categories":[7],"tags":[32,56,55,52],"class_list":["post-925","post","type-post","status-publish","format-standard","has-post-thumbnail","hentry","category-our-blog","tag-camelo","tag-natal","tag-peru","tag-restaurante"],"yoast_head":"<!-- This site is optimized with the Yoast SEO plugin v27.3 - https:\/\/yoast.com\/product\/yoast-seo-wordpress\/ -->\n<title>O Peru \u00e9 o Prato Especial do Natal - Restaurante Camelo<\/title>\n<meta name=\"description\" content=\"Per\u00fa Recheado de Natal\" \/>\n<meta name=\"robots\" content=\"index, follow, max-snippet:-1, max-image-preview:large, max-video-preview:-1\" \/>\n<link rel=\"canonical\" href=\"https:\/\/camelorestaurantes.com\/camelo\/o-peru-no-natal-e-no-camelo\/\" \/>\n<meta property=\"og:locale\" content=\"pt_PT\" \/>\n<meta property=\"og:type\" content=\"article\" \/>\n<meta property=\"og:title\" content=\"O Peru \u00e9 o Prato Especial do Natal - Restaurante Camelo\" \/>\n<meta property=\"og:description\" content=\"Per\u00fa Recheado de Natal\" \/>\n<meta property=\"og:url\" content=\"https:\/\/camelorestaurantes.com\/camelo\/o-peru-no-natal-e-no-camelo\/\" \/>\n<meta property=\"og:site_name\" content=\"Restaurante Camelo\" \/>\n<meta property=\"article:published_time\" content=\"2023-12-01T07:36:15+00:00\" \/>\n<meta property=\"article:modified_time\" content=\"2023-12-06T20:03:58+00:00\" \/>\n<meta property=\"og:image\" content=\"http:\/\/camelorestaurantes.com\/camelo\/wp-content\/uploads\/2020\/12\/peru_gande.jpg\" \/>\n\t<meta property=\"og:image:width\" content=\"880\" \/>\n\t<meta property=\"og:image:height\" content=\"332\" \/>\n\t<meta property=\"og:image:type\" content=\"image\/jpeg\" \/>\n<meta name=\"author\" content=\"rcamelo\" \/>\n<meta name=\"twitter:card\" content=\"summary_large_image\" \/>\n<meta name=\"twitter:label1\" content=\"Escrito por\" \/>\n\t<meta name=\"twitter:data1\" content=\"rcamelo\" \/>\n\t<meta name=\"twitter:label2\" content=\"Tempo estimado de leitura\" \/>\n\t<meta name=\"twitter:data2\" content=\"2 minutos\" \/>\n<script type=\"application\/ld+json\" class=\"yoast-schema-graph\">{\"@context\":\"https:\\\/\\\/schema.org\",\"@graph\":[{\"@type\":\"Article\",\"@id\":\"https:\\\/\\\/camelorestaurantes.com\\\/camelo\\\/o-peru-no-natal-e-no-camelo\\\/#article\",\"isPartOf\":{\"@id\":\"https:\\\/\\\/camelorestaurantes.com\\\/camelo\\\/o-peru-no-natal-e-no-camelo\\\/\"},\"author\":{\"name\":\"rcamelo\",\"@id\":\"https:\\\/\\\/camelorestaurantes.com\\\/camelo\\\/#\\\/schema\\\/person\\\/88ff59ea0bbf53ac653072b7e5223c8b\"},\"headline\":\"O Peru \u00e9 o Prato Especial do Natal\",\"datePublished\":\"2023-12-01T07:36:15+00:00\",\"dateModified\":\"2023-12-06T20:03:58+00:00\",\"mainEntityOfPage\":{\"@id\":\"https:\\\/\\\/camelorestaurantes.com\\\/camelo\\\/o-peru-no-natal-e-no-camelo\\\/\"},\"wordCount\":194,\"image\":{\"@id\":\"https:\\\/\\\/camelorestaurantes.com\\\/camelo\\\/o-peru-no-natal-e-no-camelo\\\/#primaryimage\"},\"thumbnailUrl\":\"https:\\\/\\\/camelorestaurantes.com\\\/camelo\\\/wp-content\\\/uploads\\\/2020\\\/12\\\/peru_gande.jpg\",\"keywords\":[\"Camelo\",\"Natal\",\"Peru\",\"restaurante\"],\"articleSection\":[\"Our Blog\"],\"inLanguage\":\"pt-PT\"},{\"@type\":\"WebPage\",\"@id\":\"https:\\\/\\\/camelorestaurantes.com\\\/camelo\\\/o-peru-no-natal-e-no-camelo\\\/\",\"url\":\"https:\\\/\\\/camelorestaurantes.com\\\/camelo\\\/o-peru-no-natal-e-no-camelo\\\/\",\"name\":\"O Peru \u00e9 o Prato Especial do Natal - Restaurante Camelo\",\"isPartOf\":{\"@id\":\"https:\\\/\\\/camelorestaurantes.com\\\/camelo\\\/#website\"},\"primaryImageOfPage\":{\"@id\":\"https:\\\/\\\/camelorestaurantes.com\\\/camelo\\\/o-peru-no-natal-e-no-camelo\\\/#primaryimage\"},\"image\":{\"@id\":\"https:\\\/\\\/camelorestaurantes.com\\\/camelo\\\/o-peru-no-natal-e-no-camelo\\\/#primaryimage\"},\"thumbnailUrl\":\"https:\\\/\\\/camelorestaurantes.com\\\/camelo\\\/wp-content\\\/uploads\\\/2020\\\/12\\\/peru_gande.jpg\",\"datePublished\":\"2023-12-01T07:36:15+00:00\",\"dateModified\":\"2023-12-06T20:03:58+00:00\",\"author\":{\"@id\":\"https:\\\/\\\/camelorestaurantes.com\\\/camelo\\\/#\\\/schema\\\/person\\\/88ff59ea0bbf53ac653072b7e5223c8b\"},\"description\":\"Per\u00fa Recheado de Natal\",\"breadcrumb\":{\"@id\":\"https:\\\/\\\/camelorestaurantes.com\\\/camelo\\\/o-peru-no-natal-e-no-camelo\\\/#breadcrumb\"},\"inLanguage\":\"pt-PT\",\"potentialAction\":[{\"@type\":\"ReadAction\",\"target\":[\"https:\\\/\\\/camelorestaurantes.com\\\/camelo\\\/o-peru-no-natal-e-no-camelo\\\/\"]}]},{\"@type\":\"ImageObject\",\"inLanguage\":\"pt-PT\",\"@id\":\"https:\\\/\\\/camelorestaurantes.com\\\/camelo\\\/o-peru-no-natal-e-no-camelo\\\/#primaryimage\",\"url\":\"https:\\\/\\\/camelorestaurantes.com\\\/camelo\\\/wp-content\\\/uploads\\\/2020\\\/12\\\/peru_gande.jpg\",\"contentUrl\":\"https:\\\/\\\/camelorestaurantes.com\\\/camelo\\\/wp-content\\\/uploads\\\/2020\\\/12\\\/peru_gande.jpg\",\"width\":880,\"height\":332},{\"@type\":\"BreadcrumbList\",\"@id\":\"https:\\\/\\\/camelorestaurantes.com\\\/camelo\\\/o-peru-no-natal-e-no-camelo\\\/#breadcrumb\",\"itemListElement\":[{\"@type\":\"ListItem\",\"position\":1,\"name\":\"In\u00edcio\",\"item\":\"https:\\\/\\\/camelorestaurantes.com\\\/camelo\\\/\"},{\"@type\":\"ListItem\",\"position\":2,\"name\":\"O Peru \u00e9 o Prato Especial do Natal\"}]},{\"@type\":\"WebSite\",\"@id\":\"https:\\\/\\\/camelorestaurantes.com\\\/camelo\\\/#website\",\"url\":\"https:\\\/\\\/camelorestaurantes.com\\\/camelo\\\/\",\"name\":\"Restaurante Camelo\",\"description\":\"Sabores Naturais\",\"potentialAction\":[{\"@type\":\"SearchAction\",\"target\":{\"@type\":\"EntryPoint\",\"urlTemplate\":\"https:\\\/\\\/camelorestaurantes.com\\\/camelo\\\/?s={search_term_string}\"},\"query-input\":{\"@type\":\"PropertyValueSpecification\",\"valueRequired\":true,\"valueName\":\"search_term_string\"}}],\"inLanguage\":\"pt-PT\"},{\"@type\":\"Person\",\"@id\":\"https:\\\/\\\/camelorestaurantes.com\\\/camelo\\\/#\\\/schema\\\/person\\\/88ff59ea0bbf53ac653072b7e5223c8b\",\"name\":\"rcamelo\",\"image\":{\"@type\":\"ImageObject\",\"inLanguage\":\"pt-PT\",\"@id\":\"https:\\\/\\\/secure.gravatar.com\\\/avatar\\\/5206efbef3eef0313faa700bb711d0185e71b90accef2667a8e42d80ae52b05b?s=96&d=mm&r=r\",\"url\":\"https:\\\/\\\/secure.gravatar.com\\\/avatar\\\/5206efbef3eef0313faa700bb711d0185e71b90accef2667a8e42d80ae52b05b?s=96&d=mm&r=r\",\"contentUrl\":\"https:\\\/\\\/secure.gravatar.com\\\/avatar\\\/5206efbef3eef0313faa700bb711d0185e71b90accef2667a8e42d80ae52b05b?s=96&d=mm&r=r\",\"caption\":\"rcamelo\"},\"url\":\"https:\\\/\\\/camelorestaurantes.com\\\/camelo\\\/author\\\/rcamelo\\\/\"}]}<\/script>\n<!-- \/ Yoast SEO plugin. -->","yoast_head_json":{"title":"O Peru \u00e9 o Prato Especial do Natal - Restaurante Camelo","description":"Per\u00fa Recheado de Natal","robots":{"index":"index","follow":"follow","max-snippet":"max-snippet:-1","max-image-preview":"max-image-preview:large","max-video-preview":"max-video-preview:-1"},"canonical":"https:\/\/camelorestaurantes.com\/camelo\/o-peru-no-natal-e-no-camelo\/","og_locale":"pt_PT","og_type":"article","og_title":"O Peru \u00e9 o Prato Especial do Natal - Restaurante Camelo","og_description":"Per\u00fa Recheado de Natal","og_url":"https:\/\/camelorestaurantes.com\/camelo\/o-peru-no-natal-e-no-camelo\/","og_site_name":"Restaurante Camelo","article_published_time":"2023-12-01T07:36:15+00:00","article_modified_time":"2023-12-06T20:03:58+00:00","og_image":[{"width":880,"height":332,"url":"http:\/\/camelorestaurantes.com\/camelo\/wp-content\/uploads\/2020\/12\/peru_gande.jpg","type":"image\/jpeg"}],"author":"rcamelo","twitter_card":"summary_large_image","twitter_misc":{"Escrito por":"rcamelo","Tempo estimado de leitura":"2 minutos"},"schema":{"@context":"https:\/\/schema.org","@graph":[{"@type":"Article","@id":"https:\/\/camelorestaurantes.com\/camelo\/o-peru-no-natal-e-no-camelo\/#article","isPartOf":{"@id":"https:\/\/camelorestaurantes.com\/camelo\/o-peru-no-natal-e-no-camelo\/"},"author":{"name":"rcamelo","@id":"https:\/\/camelorestaurantes.com\/camelo\/#\/schema\/person\/88ff59ea0bbf53ac653072b7e5223c8b"},"headline":"O Peru \u00e9 o Prato Especial do Natal","datePublished":"2023-12-01T07:36:15+00:00","dateModified":"2023-12-06T20:03:58+00:00","mainEntityOfPage":{"@id":"https:\/\/camelorestaurantes.com\/camelo\/o-peru-no-natal-e-no-camelo\/"},"wordCount":194,"image":{"@id":"https:\/\/camelorestaurantes.com\/camelo\/o-peru-no-natal-e-no-camelo\/#primaryimage"},"thumbnailUrl":"https:\/\/camelorestaurantes.com\/camelo\/wp-content\/uploads\/2020\/12\/peru_gande.jpg","keywords":["Camelo","Natal","Peru","restaurante"],"articleSection":["Our Blog"],"inLanguage":"pt-PT"},{"@type":"WebPage","@id":"https:\/\/camelorestaurantes.com\/camelo\/o-peru-no-natal-e-no-camelo\/","url":"https:\/\/camelorestaurantes.com\/camelo\/o-peru-no-natal-e-no-camelo\/","name":"O Peru \u00e9 o Prato Especial do Natal - Restaurante Camelo","isPartOf":{"@id":"https:\/\/camelorestaurantes.com\/camelo\/#website"},"primaryImageOfPage":{"@id":"https:\/\/camelorestaurantes.com\/camelo\/o-peru-no-natal-e-no-camelo\/#primaryimage"},"image":{"@id":"https:\/\/camelorestaurantes.com\/camelo\/o-peru-no-natal-e-no-camelo\/#primaryimage"},"thumbnailUrl":"https:\/\/camelorestaurantes.com\/camelo\/wp-content\/uploads\/2020\/12\/peru_gande.jpg","datePublished":"2023-12-01T07:36:15+00:00","dateModified":"2023-12-06T20:03:58+00:00","author":{"@id":"https:\/\/camelorestaurantes.com\/camelo\/#\/schema\/person\/88ff59ea0bbf53ac653072b7e5223c8b"},"description":"Per\u00fa Recheado de Natal","breadcrumb":{"@id":"https:\/\/camelorestaurantes.com\/camelo\/o-peru-no-natal-e-no-camelo\/#breadcrumb"},"inLanguage":"pt-PT","potentialAction":[{"@type":"ReadAction","target":["https:\/\/camelorestaurantes.com\/camelo\/o-peru-no-natal-e-no-camelo\/"]}]},{"@type":"ImageObject","inLanguage":"pt-PT","@id":"https:\/\/camelorestaurantes.com\/camelo\/o-peru-no-natal-e-no-camelo\/#primaryimage","url":"https:\/\/camelorestaurantes.com\/camelo\/wp-content\/uploads\/2020\/12\/peru_gande.jpg","contentUrl":"https:\/\/camelorestaurantes.com\/camelo\/wp-content\/uploads\/2020\/12\/peru_gande.jpg","width":880,"height":332},{"@type":"BreadcrumbList","@id":"https:\/\/camelorestaurantes.com\/camelo\/o-peru-no-natal-e-no-camelo\/#breadcrumb","itemListElement":[{"@type":"ListItem","position":1,"name":"In\u00edcio","item":"https:\/\/camelorestaurantes.com\/camelo\/"},{"@type":"ListItem","position":2,"name":"O Peru \u00e9 o Prato Especial do Natal"}]},{"@type":"WebSite","@id":"https:\/\/camelorestaurantes.com\/camelo\/#website","url":"https:\/\/camelorestaurantes.com\/camelo\/","name":"Restaurante Camelo","description":"Sabores Naturais","potentialAction":[{"@type":"SearchAction","target":{"@type":"EntryPoint","urlTemplate":"https:\/\/camelorestaurantes.com\/camelo\/?s={search_term_string}"},"query-input":{"@type":"PropertyValueSpecification","valueRequired":true,"valueName":"search_term_string"}}],"inLanguage":"pt-PT"},{"@type":"Person","@id":"https:\/\/camelorestaurantes.com\/camelo\/#\/schema\/person\/88ff59ea0bbf53ac653072b7e5223c8b","name":"rcamelo","image":{"@type":"ImageObject","inLanguage":"pt-PT","@id":"https:\/\/secure.gravatar.com\/avatar\/5206efbef3eef0313faa700bb711d0185e71b90accef2667a8e42d80ae52b05b?s=96&d=mm&r=r","url":"https:\/\/secure.gravatar.com\/avatar\/5206efbef3eef0313faa700bb711d0185e71b90accef2667a8e42d80ae52b05b?s=96&d=mm&r=r","contentUrl":"https:\/\/secure.gravatar.com\/avatar\/5206efbef3eef0313faa700bb711d0185e71b90accef2667a8e42d80ae52b05b?s=96&d=mm&r=r","caption":"rcamelo"},"url":"https:\/\/camelorestaurantes.com\/camelo\/author\/rcamelo\/"}]}},"_links":{"self":[{"href":"https:\/\/camelorestaurantes.com\/camelo\/wp-json\/wp\/v2\/posts\/925","targetHints":{"allow":["GET"]}}],"collection":[{"href":"https:\/\/camelorestaurantes.com\/camelo\/wp-json\/wp\/v2\/posts"}],"about":[{"href":"https:\/\/camelorestaurantes.com\/camelo\/wp-json\/wp\/v2\/types\/post"}],"author":[{"embeddable":true,"href":"https:\/\/camelorestaurantes.com\/camelo\/wp-json\/wp\/v2\/users\/1"}],"replies":[{"embeddable":true,"href":"https:\/\/camelorestaurantes.com\/camelo\/wp-json\/wp\/v2\/comments?post=925"}],"version-history":[{"count":12,"href":"https:\/\/camelorestaurantes.com\/camelo\/wp-json\/wp\/v2\/posts\/925\/revisions"}],"predecessor-version":[{"id":1169,"href":"https:\/\/camelorestaurantes.com\/camelo\/wp-json\/wp\/v2\/posts\/925\/revisions\/1169"}],"wp:featuredmedia":[{"embeddable":true,"href":"https:\/\/camelorestaurantes.com\/camelo\/wp-json\/wp\/v2\/media\/926"}],"wp:attachment":[{"href":"https:\/\/camelorestaurantes.com\/camelo\/wp-json\/wp\/v2\/media?parent=925"}],"wp:term":[{"taxonomy":"category","embeddable":true,"href":"https:\/\/camelorestaurantes.com\/camelo\/wp-json\/wp\/v2\/categories?post=925"},{"taxonomy":"post_tag","embeddable":true,"href":"https:\/\/camelorestaurantes.com\/camelo\/wp-json\/wp\/v2\/tags?post=925"}],"curies":[{"name":"wp","href":"https:\/\/api.w.org\/{rel}","templated":true}]}}