{"id":1376,"date":"2025-10-20T17:24:27","date_gmt":"2025-10-20T17:24:27","guid":{"rendered":"https:\/\/camelorestaurantes.com\/camelo\/?p=1376"},"modified":"2025-10-20T17:31:33","modified_gmt":"2025-10-20T17:31:33","slug":"premio-europeu-de-gastronomia","status":"publish","type":"post","link":"https:\/\/camelorestaurantes.com\/camelo\/premio-europeu-de-gastronomia\/","title":{"rendered":"XX\u202fPR\u00c9MIO\u202fEUROPEU\u202fDE\u202fGASTRONOMIA"},"content":{"rendered":"<p><span style=\"font-weight: 400;\">\u00c9 com grande satisfa\u00e7\u00e3o que anunciamos que o restaurante <\/span><b>Restaurante\u202fCamelo<\/b><span style=\"font-weight: 400;\">, foi galardoado com o <\/span><b>XX\u202fPr\u00e9mio\u202fEuropeu\u202fde\u202fGastronomia\u202f\u00abLola\u202fTorres\u00bb<\/b><span style=\"font-weight: 400;\">, entregue no \u00e2mbito da LXII\u202fFesta\u202fdo\u202fMarisco, em O\u202fGrove, Galicia.<\/span><\/p>\n<p><span style=\"font-weight: 400;\">Este pr\u00e9mio reconhece de forma destacada o compromisso do Restaurante Camelo com a <\/span><b>preserva\u00e7\u00e3o, promo\u00e7\u00e3o e divulga\u00e7\u00e3o da gastronomia tradicional portuguesa<\/b><span style=\"font-weight: 400;\">, em particular da regi\u00e3o do Alto Minho, bem como o uso de produtos locais, o respeito pelas receitas familiares e o papel de embaixador da cozinha portuguesa al\u00e9m-fronteiras.<\/span><a href=\"https:\/\/21noticias.com\/2025\/10\/09\/el-jurado-del-xx-premio-europeo-de-gastronomia-tradicional-lola-torres-otorga-el-premio-al-restaurante-portugues-camelo\/?utm_source=chatgpt.com\"><span style=\"font-weight: 400;\">\u00a0<\/span><\/a><\/p>\n<p><!--more--><\/p>\n<p><span style=\"font-weight: 400;\">Fundado em 1983, o Restaurante Camelo foi escolhido entre <\/span><b>76 candidaturas<\/b><span style=\"font-weight: 400;\">, das quais 7 provinham de Portugal, concorrendo com nomes de refer\u00eancia no sector.<\/span><a href=\"https:\/\/www.diariodepontevedra.es\/articulo\/o-grove\/restaurante-portugues-camelo-ganador-xx-premio-europeo-lola-torres-grove\/202510081516221411947.html?utm_source=chatgpt.com\"><span style=\"font-weight: 400;\">\u00a0<\/span><\/a><\/p>\n<p><span style=\"font-weight: 400;\">\u00a0O j\u00fari sublinhou, para al\u00e9m da fidelidade aos sabores tradicionais, a contribui\u00e7\u00e3o para a sustentabilidade atrav\u00e9s do uso de produtos de proximidade.<\/span><a href=\"https:\/\/diariodearousa.elidealgallego.com\/o-grove\/2025-10-09\/el-premio-europeo-de-gastronomia-lola-torres-recala-en-el-restaurante-camelo-de-portugal-810539.html?utm_source=chatgpt.com\"><span style=\"font-weight: 400;\">\u00a0<\/span><\/a><\/p>\n<p><span style=\"font-weight: 400;\">No discurso oficial, foi salientada a import\u00e2ncia de refor\u00e7ar os la\u00e7os culturais e gastron\u00f3micos entre a Galiza e o Norte de Portugal, aproveitando a riqueza da \u201ccozinha atl\u00e2ntica\u201d como elemento de identidade comum.<\/span><a href=\"https:\/\/www.diariodepontevedra.es\/articulo\/o-grove\/restaurante-portugues-camelo-ganador-xx-premio-europeo-lola-torres-grove\/202510081516221411947.html?utm_source=chatgpt.com\"><span style=\"font-weight: 400;\">\u00a0<\/span><\/a><\/p>\n<p><span style=\"font-weight: 400;\">A entrega oficial do pr\u00e9mio est\u00e1 agendada para Abril de 2026, numa cerim\u00f3nia a ter lugar no Centro\u202fSuperior\u202fde\u202fHosteler\u00eda\u202fde\u202fGalicia, em Santiago de Compostela.<\/span><\/p>\n<p><span style=\"font-weight: 400;\">Este reconhecimento \u00e9 motivo de orgulho para toda a equipa do Restaurante Camelo e refor\u00e7a o valor da cozinha tradicional como patrim\u00f3nio vivo. \u00c0 equipa: os nossos parab\u00e9ns \u2014 este pr\u00e9mio confirma o vosso trabalho, dedica\u00e7\u00e3o e a qualidade que diariamente oferecem.<\/span><\/p>\n","protected":false},"excerpt":{"rendered":"<p>\u00c9 com grande satisfa\u00e7\u00e3o que anunciamos que o restaurante Restaurante\u202fCamelo, foi galardoado com o XX\u202fPr\u00e9mio\u202fEuropeu\u202fde\u202fGastronomia\u202f\u00abLola\u202fTorres\u00bb, entregue no \u00e2mbito da LXII\u202fFesta\u202fdo\u202fMarisco, em O\u202fGrove, Galicia. Este pr\u00e9mio reconhece de forma destacada o compromisso do Restaurante Camelo com a preserva\u00e7\u00e3o, promo\u00e7\u00e3o e divulga\u00e7\u00e3o da gastronomia tradicional portuguesa, em particular da regi\u00e3o do Alto Minho, bem como o uso&hellip;<\/p>\n","protected":false},"author":1,"featured_media":1377,"comment_status":"closed","ping_status":"closed","sticky":false,"template":"","format":"standard","meta":{"footnotes":""},"categories":[7],"tags":[32,89,71],"class_list":["post-1376","post","type-post","status-publish","format-standard","has-post-thumbnail","hentry","category-our-blog","tag-camelo","tag-premio-europeu","tag-tradicao"],"yoast_head":"<!-- This site is optimized with the Yoast SEO plugin v27.5 - https:\/\/yoast.com\/product\/yoast-seo-wordpress\/ -->\n<title>XX\u202fPR\u00c9MIO\u202fEUROPEU\u202fDE\u202fGASTRONOMIA - Restaurante Camelo<\/title>\n<meta name=\"description\" content=\"Pr\u00e9mio europeu de Gastronomia, Camelo, Restaurante Camelo, Cozinha, Tradicional, Viana, Restaurantes, Viana do Castelo\" \/>\n<meta name=\"robots\" content=\"index, follow, max-snippet:-1, max-image-preview:large, max-video-preview:-1\" \/>\n<link rel=\"canonical\" href=\"https:\/\/camelorestaurantes.com\/camelo\/premio-europeu-de-gastronomia\/\" \/>\n<meta property=\"og:locale\" content=\"pt_PT\" \/>\n<meta property=\"og:type\" content=\"article\" \/>\n<meta property=\"og:title\" content=\"XX\u202fPR\u00c9MIO\u202fEUROPEU\u202fDE\u202fGASTRONOMIA - Restaurante Camelo\" \/>\n<meta property=\"og:description\" content=\"Pr\u00e9mio europeu de Gastronomia, Camelo, Restaurante Camelo, Cozinha, Tradicional, Viana, Restaurantes, Viana do Castelo\" \/>\n<meta property=\"og:url\" content=\"https:\/\/camelorestaurantes.com\/camelo\/premio-europeu-de-gastronomia\/\" \/>\n<meta property=\"og:site_name\" content=\"Restaurante Camelo\" \/>\n<meta property=\"article:published_time\" content=\"2025-10-20T17:24:27+00:00\" \/>\n<meta property=\"article:modified_time\" content=\"2025-10-20T17:31:33+00:00\" \/>\n<meta property=\"og:image\" content=\"http:\/\/camelorestaurantes.com\/camelo\/wp-content\/uploads\/2025\/04\/premio_galicia.jpg\" \/>\n\t<meta property=\"og:image:width\" content=\"800\" \/>\n\t<meta property=\"og:image:height\" content=\"332\" \/>\n\t<meta property=\"og:image:type\" content=\"image\/jpeg\" \/>\n<meta name=\"author\" content=\"rcamelo\" \/>\n<meta name=\"twitter:card\" content=\"summary_large_image\" \/>\n<meta name=\"twitter:label1\" content=\"Escrito por\" \/>\n\t<meta name=\"twitter:data1\" content=\"rcamelo\" \/>\n\t<meta name=\"twitter:label2\" content=\"Tempo estimado de leitura\" \/>\n\t<meta name=\"twitter:data2\" content=\"2 minutos\" \/>\n<script type=\"application\/ld+json\" class=\"yoast-schema-graph\">{\"@context\":\"https:\\\/\\\/schema.org\",\"@graph\":[{\"@type\":\"Article\",\"@id\":\"https:\\\/\\\/camelorestaurantes.com\\\/camelo\\\/premio-europeu-de-gastronomia\\\/#article\",\"isPartOf\":{\"@id\":\"https:\\\/\\\/camelorestaurantes.com\\\/camelo\\\/premio-europeu-de-gastronomia\\\/\"},\"author\":{\"name\":\"rcamelo\",\"@id\":\"https:\\\/\\\/camelorestaurantes.com\\\/camelo\\\/#\\\/schema\\\/person\\\/88ff59ea0bbf53ac653072b7e5223c8b\"},\"headline\":\"XX\u202fPR\u00c9MIO\u202fEUROPEU\u202fDE\u202fGASTRONOMIA\",\"datePublished\":\"2025-10-20T17:24:27+00:00\",\"dateModified\":\"2025-10-20T17:31:33+00:00\",\"mainEntityOfPage\":{\"@id\":\"https:\\\/\\\/camelorestaurantes.com\\\/camelo\\\/premio-europeu-de-gastronomia\\\/\"},\"wordCount\":255,\"image\":{\"@id\":\"https:\\\/\\\/camelorestaurantes.com\\\/camelo\\\/premio-europeu-de-gastronomia\\\/#primaryimage\"},\"thumbnailUrl\":\"https:\\\/\\\/camelorestaurantes.com\\\/camelo\\\/wp-content\\\/uploads\\\/2025\\\/04\\\/premio_galicia.jpg\",\"keywords\":[\"Camelo\",\"Premio europeu\",\"Tradi\u00e7\u00e3o\"],\"articleSection\":[\"Our Blog\"],\"inLanguage\":\"pt-PT\"},{\"@type\":\"WebPage\",\"@id\":\"https:\\\/\\\/camelorestaurantes.com\\\/camelo\\\/premio-europeu-de-gastronomia\\\/\",\"url\":\"https:\\\/\\\/camelorestaurantes.com\\\/camelo\\\/premio-europeu-de-gastronomia\\\/\",\"name\":\"XX\u202fPR\u00c9MIO\u202fEUROPEU\u202fDE\u202fGASTRONOMIA - Restaurante Camelo\",\"isPartOf\":{\"@id\":\"https:\\\/\\\/camelorestaurantes.com\\\/camelo\\\/#website\"},\"primaryImageOfPage\":{\"@id\":\"https:\\\/\\\/camelorestaurantes.com\\\/camelo\\\/premio-europeu-de-gastronomia\\\/#primaryimage\"},\"image\":{\"@id\":\"https:\\\/\\\/camelorestaurantes.com\\\/camelo\\\/premio-europeu-de-gastronomia\\\/#primaryimage\"},\"thumbnailUrl\":\"https:\\\/\\\/camelorestaurantes.com\\\/camelo\\\/wp-content\\\/uploads\\\/2025\\\/04\\\/premio_galicia.jpg\",\"datePublished\":\"2025-10-20T17:24:27+00:00\",\"dateModified\":\"2025-10-20T17:31:33+00:00\",\"author\":{\"@id\":\"https:\\\/\\\/camelorestaurantes.com\\\/camelo\\\/#\\\/schema\\\/person\\\/88ff59ea0bbf53ac653072b7e5223c8b\"},\"description\":\"Pr\u00e9mio europeu de Gastronomia, Camelo, Restaurante Camelo, Cozinha, Tradicional, Viana, Restaurantes, Viana do Castelo\",\"breadcrumb\":{\"@id\":\"https:\\\/\\\/camelorestaurantes.com\\\/camelo\\\/premio-europeu-de-gastronomia\\\/#breadcrumb\"},\"inLanguage\":\"pt-PT\",\"potentialAction\":[{\"@type\":\"ReadAction\",\"target\":[\"https:\\\/\\\/camelorestaurantes.com\\\/camelo\\\/premio-europeu-de-gastronomia\\\/\"]}]},{\"@type\":\"ImageObject\",\"inLanguage\":\"pt-PT\",\"@id\":\"https:\\\/\\\/camelorestaurantes.com\\\/camelo\\\/premio-europeu-de-gastronomia\\\/#primaryimage\",\"url\":\"https:\\\/\\\/camelorestaurantes.com\\\/camelo\\\/wp-content\\\/uploads\\\/2025\\\/04\\\/premio_galicia.jpg\",\"contentUrl\":\"https:\\\/\\\/camelorestaurantes.com\\\/camelo\\\/wp-content\\\/uploads\\\/2025\\\/04\\\/premio_galicia.jpg\",\"width\":800,\"height\":332},{\"@type\":\"BreadcrumbList\",\"@id\":\"https:\\\/\\\/camelorestaurantes.com\\\/camelo\\\/premio-europeu-de-gastronomia\\\/#breadcrumb\",\"itemListElement\":[{\"@type\":\"ListItem\",\"position\":1,\"name\":\"In\u00edcio\",\"item\":\"https:\\\/\\\/camelorestaurantes.com\\\/camelo\\\/\"},{\"@type\":\"ListItem\",\"position\":2,\"name\":\"XX\u202fPR\u00c9MIO\u202fEUROPEU\u202fDE\u202fGASTRONOMIA\"}]},{\"@type\":\"WebSite\",\"@id\":\"https:\\\/\\\/camelorestaurantes.com\\\/camelo\\\/#website\",\"url\":\"https:\\\/\\\/camelorestaurantes.com\\\/camelo\\\/\",\"name\":\"Restaurante Camelo\",\"description\":\"Sabores Naturais\",\"potentialAction\":[{\"@type\":\"SearchAction\",\"target\":{\"@type\":\"EntryPoint\",\"urlTemplate\":\"https:\\\/\\\/camelorestaurantes.com\\\/camelo\\\/?s={search_term_string}\"},\"query-input\":{\"@type\":\"PropertyValueSpecification\",\"valueRequired\":true,\"valueName\":\"search_term_string\"}}],\"inLanguage\":\"pt-PT\"},{\"@type\":\"Person\",\"@id\":\"https:\\\/\\\/camelorestaurantes.com\\\/camelo\\\/#\\\/schema\\\/person\\\/88ff59ea0bbf53ac653072b7e5223c8b\",\"name\":\"rcamelo\",\"image\":{\"@type\":\"ImageObject\",\"inLanguage\":\"pt-PT\",\"@id\":\"https:\\\/\\\/secure.gravatar.com\\\/avatar\\\/5206efbef3eef0313faa700bb711d0185e71b90accef2667a8e42d80ae52b05b?s=96&d=mm&r=r\",\"url\":\"https:\\\/\\\/secure.gravatar.com\\\/avatar\\\/5206efbef3eef0313faa700bb711d0185e71b90accef2667a8e42d80ae52b05b?s=96&d=mm&r=r\",\"contentUrl\":\"https:\\\/\\\/secure.gravatar.com\\\/avatar\\\/5206efbef3eef0313faa700bb711d0185e71b90accef2667a8e42d80ae52b05b?s=96&d=mm&r=r\",\"caption\":\"rcamelo\"},\"url\":\"https:\\\/\\\/camelorestaurantes.com\\\/camelo\\\/author\\\/rcamelo\\\/\"}]}<\/script>\n<!-- \/ Yoast SEO plugin. -->","yoast_head_json":{"title":"XX\u202fPR\u00c9MIO\u202fEUROPEU\u202fDE\u202fGASTRONOMIA - Restaurante Camelo","description":"Pr\u00e9mio europeu de Gastronomia, Camelo, Restaurante Camelo, Cozinha, Tradicional, Viana, Restaurantes, Viana do Castelo","robots":{"index":"index","follow":"follow","max-snippet":"max-snippet:-1","max-image-preview":"max-image-preview:large","max-video-preview":"max-video-preview:-1"},"canonical":"https:\/\/camelorestaurantes.com\/camelo\/premio-europeu-de-gastronomia\/","og_locale":"pt_PT","og_type":"article","og_title":"XX\u202fPR\u00c9MIO\u202fEUROPEU\u202fDE\u202fGASTRONOMIA - Restaurante Camelo","og_description":"Pr\u00e9mio europeu de Gastronomia, Camelo, Restaurante Camelo, Cozinha, Tradicional, Viana, Restaurantes, Viana do Castelo","og_url":"https:\/\/camelorestaurantes.com\/camelo\/premio-europeu-de-gastronomia\/","og_site_name":"Restaurante Camelo","article_published_time":"2025-10-20T17:24:27+00:00","article_modified_time":"2025-10-20T17:31:33+00:00","og_image":[{"width":800,"height":332,"url":"http:\/\/camelorestaurantes.com\/camelo\/wp-content\/uploads\/2025\/04\/premio_galicia.jpg","type":"image\/jpeg"}],"author":"rcamelo","twitter_card":"summary_large_image","twitter_misc":{"Escrito por":"rcamelo","Tempo estimado de leitura":"2 minutos"},"schema":{"@context":"https:\/\/schema.org","@graph":[{"@type":"Article","@id":"https:\/\/camelorestaurantes.com\/camelo\/premio-europeu-de-gastronomia\/#article","isPartOf":{"@id":"https:\/\/camelorestaurantes.com\/camelo\/premio-europeu-de-gastronomia\/"},"author":{"name":"rcamelo","@id":"https:\/\/camelorestaurantes.com\/camelo\/#\/schema\/person\/88ff59ea0bbf53ac653072b7e5223c8b"},"headline":"XX\u202fPR\u00c9MIO\u202fEUROPEU\u202fDE\u202fGASTRONOMIA","datePublished":"2025-10-20T17:24:27+00:00","dateModified":"2025-10-20T17:31:33+00:00","mainEntityOfPage":{"@id":"https:\/\/camelorestaurantes.com\/camelo\/premio-europeu-de-gastronomia\/"},"wordCount":255,"image":{"@id":"https:\/\/camelorestaurantes.com\/camelo\/premio-europeu-de-gastronomia\/#primaryimage"},"thumbnailUrl":"https:\/\/camelorestaurantes.com\/camelo\/wp-content\/uploads\/2025\/04\/premio_galicia.jpg","keywords":["Camelo","Premio europeu","Tradi\u00e7\u00e3o"],"articleSection":["Our Blog"],"inLanguage":"pt-PT"},{"@type":"WebPage","@id":"https:\/\/camelorestaurantes.com\/camelo\/premio-europeu-de-gastronomia\/","url":"https:\/\/camelorestaurantes.com\/camelo\/premio-europeu-de-gastronomia\/","name":"XX\u202fPR\u00c9MIO\u202fEUROPEU\u202fDE\u202fGASTRONOMIA - Restaurante Camelo","isPartOf":{"@id":"https:\/\/camelorestaurantes.com\/camelo\/#website"},"primaryImageOfPage":{"@id":"https:\/\/camelorestaurantes.com\/camelo\/premio-europeu-de-gastronomia\/#primaryimage"},"image":{"@id":"https:\/\/camelorestaurantes.com\/camelo\/premio-europeu-de-gastronomia\/#primaryimage"},"thumbnailUrl":"https:\/\/camelorestaurantes.com\/camelo\/wp-content\/uploads\/2025\/04\/premio_galicia.jpg","datePublished":"2025-10-20T17:24:27+00:00","dateModified":"2025-10-20T17:31:33+00:00","author":{"@id":"https:\/\/camelorestaurantes.com\/camelo\/#\/schema\/person\/88ff59ea0bbf53ac653072b7e5223c8b"},"description":"Pr\u00e9mio europeu de Gastronomia, Camelo, Restaurante Camelo, Cozinha, Tradicional, Viana, Restaurantes, Viana do Castelo","breadcrumb":{"@id":"https:\/\/camelorestaurantes.com\/camelo\/premio-europeu-de-gastronomia\/#breadcrumb"},"inLanguage":"pt-PT","potentialAction":[{"@type":"ReadAction","target":["https:\/\/camelorestaurantes.com\/camelo\/premio-europeu-de-gastronomia\/"]}]},{"@type":"ImageObject","inLanguage":"pt-PT","@id":"https:\/\/camelorestaurantes.com\/camelo\/premio-europeu-de-gastronomia\/#primaryimage","url":"https:\/\/camelorestaurantes.com\/camelo\/wp-content\/uploads\/2025\/04\/premio_galicia.jpg","contentUrl":"https:\/\/camelorestaurantes.com\/camelo\/wp-content\/uploads\/2025\/04\/premio_galicia.jpg","width":800,"height":332},{"@type":"BreadcrumbList","@id":"https:\/\/camelorestaurantes.com\/camelo\/premio-europeu-de-gastronomia\/#breadcrumb","itemListElement":[{"@type":"ListItem","position":1,"name":"In\u00edcio","item":"https:\/\/camelorestaurantes.com\/camelo\/"},{"@type":"ListItem","position":2,"name":"XX\u202fPR\u00c9MIO\u202fEUROPEU\u202fDE\u202fGASTRONOMIA"}]},{"@type":"WebSite","@id":"https:\/\/camelorestaurantes.com\/camelo\/#website","url":"https:\/\/camelorestaurantes.com\/camelo\/","name":"Restaurante Camelo","description":"Sabores Naturais","potentialAction":[{"@type":"SearchAction","target":{"@type":"EntryPoint","urlTemplate":"https:\/\/camelorestaurantes.com\/camelo\/?s={search_term_string}"},"query-input":{"@type":"PropertyValueSpecification","valueRequired":true,"valueName":"search_term_string"}}],"inLanguage":"pt-PT"},{"@type":"Person","@id":"https:\/\/camelorestaurantes.com\/camelo\/#\/schema\/person\/88ff59ea0bbf53ac653072b7e5223c8b","name":"rcamelo","image":{"@type":"ImageObject","inLanguage":"pt-PT","@id":"https:\/\/secure.gravatar.com\/avatar\/5206efbef3eef0313faa700bb711d0185e71b90accef2667a8e42d80ae52b05b?s=96&d=mm&r=r","url":"https:\/\/secure.gravatar.com\/avatar\/5206efbef3eef0313faa700bb711d0185e71b90accef2667a8e42d80ae52b05b?s=96&d=mm&r=r","contentUrl":"https:\/\/secure.gravatar.com\/avatar\/5206efbef3eef0313faa700bb711d0185e71b90accef2667a8e42d80ae52b05b?s=96&d=mm&r=r","caption":"rcamelo"},"url":"https:\/\/camelorestaurantes.com\/camelo\/author\/rcamelo\/"}]}},"_links":{"self":[{"href":"https:\/\/camelorestaurantes.com\/camelo\/wp-json\/wp\/v2\/posts\/1376","targetHints":{"allow":["GET"]}}],"collection":[{"href":"https:\/\/camelorestaurantes.com\/camelo\/wp-json\/wp\/v2\/posts"}],"about":[{"href":"https:\/\/camelorestaurantes.com\/camelo\/wp-json\/wp\/v2\/types\/post"}],"author":[{"embeddable":true,"href":"https:\/\/camelorestaurantes.com\/camelo\/wp-json\/wp\/v2\/users\/1"}],"replies":[{"embeddable":true,"href":"https:\/\/camelorestaurantes.com\/camelo\/wp-json\/wp\/v2\/comments?post=1376"}],"version-history":[{"count":2,"href":"https:\/\/camelorestaurantes.com\/camelo\/wp-json\/wp\/v2\/posts\/1376\/revisions"}],"predecessor-version":[{"id":1379,"href":"https:\/\/camelorestaurantes.com\/camelo\/wp-json\/wp\/v2\/posts\/1376\/revisions\/1379"}],"wp:featuredmedia":[{"embeddable":true,"href":"https:\/\/camelorestaurantes.com\/camelo\/wp-json\/wp\/v2\/media\/1377"}],"wp:attachment":[{"href":"https:\/\/camelorestaurantes.com\/camelo\/wp-json\/wp\/v2\/media?parent=1376"}],"wp:term":[{"taxonomy":"category","embeddable":true,"href":"https:\/\/camelorestaurantes.com\/camelo\/wp-json\/wp\/v2\/categories?post=1376"},{"taxonomy":"post_tag","embeddable":true,"href":"https:\/\/camelorestaurantes.com\/camelo\/wp-json\/wp\/v2\/tags?post=1376"}],"curies":[{"name":"wp","href":"https:\/\/api.w.org\/{rel}","templated":true}]}}