{"id":1099,"date":"2025-11-25T17:47:00","date_gmt":"2025-11-25T17:47:00","guid":{"rendered":"https:\/\/camelorestaurantes.com\/camelo\/?p=1099"},"modified":"2025-11-26T20:56:18","modified_gmt":"2025-11-26T20:56:18","slug":"peru-recheado-natal","status":"publish","type":"post","link":"https:\/\/camelorestaurantes.com\/camelo\/peru-recheado-natal\/","title":{"rendered":"A Estrela principal da sua mesa de Natal"},"content":{"rendered":"<blockquote><p>Saboroso, suculento e com recheio de mestre, que se mant\u00e9m no segredo da cozinha Real e do Camelo, o peru \u00e9 prato t\u00edpico da ceia de Natal que n\u00e3o pode faltar na sua mesa.<\/p><\/blockquote>\n<p><img loading=\"lazy\" decoding=\"async\" class=\"alignnone size-full wp-image-1100\" src=\"http:\/\/camelorestaurantes.com\/camelo\/wp-content\/uploads\/2022\/12\/perunatal_2022.jpg\" alt=\"\" width=\"880\" height=\"332\" srcset=\"https:\/\/camelorestaurantes.com\/camelo\/wp-content\/uploads\/2022\/12\/perunatal_2022.jpg 880w, https:\/\/camelorestaurantes.com\/camelo\/wp-content\/uploads\/2022\/12\/perunatal_2022-300x113.jpg 300w, https:\/\/camelorestaurantes.com\/camelo\/wp-content\/uploads\/2022\/12\/perunatal_2022-768x290.jpg 768w\" sizes=\"auto, (max-width: 880px) 100vw, 880px\" \/><\/p>\n<p>\u00c9 talvez a mais antiga tradi\u00e7\u00e3o de Natal e ter\u00e1 come\u00e7ado num jantar da rainha de Inglaterra, no s\u00e9culo XVI. Reza a lenda que a Rainha Isabel estava sentada \u00e0 mesa, a jantar ganso, quando um criado a avisou que uma frota de navios espanh\u00f3is teria afundado durante o caminho para Inglaterra, onde tinham como miss\u00e3o invadir a ilha.<\/p>\n<p>A rainha ter\u00e1 ficado t\u00e3o feliz com a not\u00edcia que mandou servir mais um enorme ganso para comemorar o fracasso espanhol. Os historiadores n\u00e3o conseguem garantir que o epis\u00f3dio tenha mesmo acontecido, mas a verdade \u00e9 que, desde o s\u00e9culo XVI, \u00e9 tradi\u00e7\u00e3o, entre a nobreza e a realeza, servir uma enorme ave em ocasi\u00f5es de festa. Quanto maior for a ave, maior a demonstra\u00e7\u00e3o de poder e riqueza do anfitri\u00e3o.<\/p>\n<p><img loading=\"lazy\" decoding=\"async\" class=\"alignnone size-full wp-image-1101\" src=\"http:\/\/camelorestaurantes.com\/camelo\/wp-content\/uploads\/2022\/12\/perunatal_2022_2.jpg\" alt=\"\" width=\"880\" height=\"332\" srcset=\"https:\/\/camelorestaurantes.com\/camelo\/wp-content\/uploads\/2022\/12\/perunatal_2022_2.jpg 880w, https:\/\/camelorestaurantes.com\/camelo\/wp-content\/uploads\/2022\/12\/perunatal_2022_2-300x113.jpg 300w, https:\/\/camelorestaurantes.com\/camelo\/wp-content\/uploads\/2022\/12\/perunatal_2022_2-768x290.jpg 768w\" sizes=\"auto, (max-width: 880px) 100vw, 880px\" \/><\/p>\n<p>A tradi\u00e7\u00e3o ter\u00e1 come\u00e7ado os gansos, mas, ainda no s\u00e9culo XVI, os castelhanos trouxeram para a Pen\u00ednsula Ib\u00e9rica uma imponente ave da Am\u00e9rica do Norte. Al\u00e9m de ser grande, impunha um enorme respeito quando inchava o peito e eri\u00e7ava as penas.<\/p>\n<blockquote>\n<div data-pm-slice=\"1 1 []\" data-en-clipboard=\"true\">Peru \u00e9 o prato que n\u00e3o pode faltar na sua mesa de Natal<\/div>\n<\/blockquote>\n<p>Os espanh\u00f3is chamaram-lhe \u201cpavo\u201d, mas os portugueses, convencidos de que o animal era origin\u00e1rio de um pa\u00eds sul-americano que fazia fronteira com o Brasil, chamaram-lhe \u201cperu\u201d. Ao longo de todo o s\u00e9culo XVI, o peru foi ganhando popularidade entre a nobreza e a realeza ib\u00e9rica. Mas rapidamente se alastrou ao resto da Europa.<\/p>\n<p><img loading=\"lazy\" decoding=\"async\" class=\"alignnone size-full wp-image-926\" src=\"http:\/\/camelorestaurantes.com\/camelo\/wp-content\/uploads\/2020\/12\/peru_gande.jpg\" alt=\"\" width=\"880\" height=\"332\" srcset=\"https:\/\/camelorestaurantes.com\/camelo\/wp-content\/uploads\/2020\/12\/peru_gande.jpg 880w, https:\/\/camelorestaurantes.com\/camelo\/wp-content\/uploads\/2020\/12\/peru_gande-300x113.jpg 300w, https:\/\/camelorestaurantes.com\/camelo\/wp-content\/uploads\/2020\/12\/peru_gande-768x290.jpg 768w\" sizes=\"auto, (max-width: 880px) 100vw, 880px\" \/><\/p>\n<p>Em Portugal, o peru recheado ganhou popularidade entre os mais ricos e s\u00f3 mais tarde se alastrou \u00e0s outras classes sociais. Nessa \u00e9poca, o peru j\u00e1 era a carne servida no tradicional jantar de Thanksgiving, onde os americanos agradeciam as colheitas do ano. Em Portugal, manteve-se at\u00e9 hoje no entanto na Alemanha ou na \u00c1ustria, por exemplo, as fam\u00edlias ainda preferem seguir a tradi\u00e7\u00e3o da Rainha Isabel: no Natal e nas festas, come-se ganso.<\/p>\n<blockquote><p>Em plena natureza, afastados das confus\u00f5es vivem tranquilamente os nossos perus. Porque o peru mais saboroso \u00e9 aquele vive tranquilamente e livre nos nossos campos, o designado \u201d Peru Caseiro\u201d.<\/p><\/blockquote>\n<p><img loading=\"lazy\" decoding=\"async\" class=\"alignnone size-full wp-image-930\" src=\"http:\/\/camelorestaurantes.com\/camelo\/wp-content\/uploads\/2020\/12\/vivetranquliamente.jpg\" alt=\"\" width=\"880\" height=\"332\" srcset=\"https:\/\/camelorestaurantes.com\/camelo\/wp-content\/uploads\/2020\/12\/vivetranquliamente.jpg 880w, https:\/\/camelorestaurantes.com\/camelo\/wp-content\/uploads\/2020\/12\/vivetranquliamente-300x113.jpg 300w, https:\/\/camelorestaurantes.com\/camelo\/wp-content\/uploads\/2020\/12\/vivetranquliamente-768x290.jpg 768w\" sizes=\"auto, (max-width: 880px) 100vw, 880px\" \/><\/p>\n<h3>Fa\u00e7a j\u00e1 a sua encomenda : 258 839 090 \u2013 919 983 924 \u2013 Reservas@camelorestaurantes.com<\/h3>\n<p><strong>Valor :\u00a0 \u20ac kg<\/strong><\/p>\n<h4><strong>Veja tamb\u00e9m\u00a0<\/strong><\/h4>\n<div data-pm-slice=\"1 1 []\" data-en-clipboard=\"true\"><strong>DOCES DE NATAL<\/strong><\/div>\n<div><a href=\"http:\/\/bit.ly\/DocesdeNatal_Camelo\" rev=\"en_rl_none\">http:\/\/bit.ly\/DocesdeNatal_Camelo<\/a><\/div>\n<div><\/div>\n<div><strong>GALO RECHEADO<\/strong><\/div>\n<div><a href=\"https:\/\/camelorestaurantes.com\/camelo\/galo-recheado\">https:\/\/camelorestaurantes.com\/camelo\/galo-recheado<\/a><\/div>\n<div><\/div>\n<div><strong>Ofere\u00e7a a melhor Experi\u00eancia Gastron\u00f3mica!<\/strong><\/div>\n<div><a href=\"https:\/\/bit.ly\/NatalCameloVoucher\" rev=\"en_rl_none\">https:\/\/bit.ly\/NatalCameloVoucher<\/a><\/div>\n","protected":false},"excerpt":{"rendered":"<p>Saboroso, suculento e com recheio de mestre, que se mant\u00e9m no segredo da cozinha Real e do Camelo, o peru \u00e9 prato t\u00edpico da ceia de Natal que n\u00e3o pode faltar na sua mesa. \u00c9 talvez a mais antiga tradi\u00e7\u00e3o de Natal e ter\u00e1 come\u00e7ado num jantar da rainha de Inglaterra, no s\u00e9culo XVI. Reza&hellip;<\/p>\n","protected":false},"author":1,"featured_media":1102,"comment_status":"closed","ping_status":"closed","sticky":false,"template":"","format":"standard","meta":{"footnotes":""},"categories":[7],"tags":[65,79,46,56,55,71],"class_list":["post-1099","post","type-post","status-publish","format-standard","has-post-thumbnail","hentry","category-our-blog","tag-ceia-de-natal","tag-familia","tag-jantar-de-natal","tag-natal","tag-peru","tag-tradicao"],"yoast_head":"<!-- This site is optimized with the Yoast SEO plugin v27.5 - https:\/\/yoast.com\/product\/yoast-seo-wordpress\/ -->\n<title>A Estrela principal da sua mesa de Natal - Restaurante Camelo<\/title>\n<meta name=\"description\" content=\"Peru recheado, Natal, Ceia de Natal, Tradi\u00e7\u00e3o, Jantar, Encomenda, Mesa de Natal, Peru \u00e9 o prato que n\u00e3o pode faltar na sua mesa de Natal\" \/>\n<meta name=\"robots\" content=\"index, follow, max-snippet:-1, max-image-preview:large, max-video-preview:-1\" \/>\n<link rel=\"canonical\" href=\"https:\/\/camelorestaurantes.com\/camelo\/peru-recheado-natal\/\" \/>\n<meta property=\"og:locale\" content=\"pt_PT\" \/>\n<meta property=\"og:type\" content=\"article\" \/>\n<meta property=\"og:title\" content=\"A Estrela principal da sua mesa de Natal - Restaurante Camelo\" \/>\n<meta property=\"og:description\" content=\"Peru recheado, Natal, Ceia de Natal, Tradi\u00e7\u00e3o, Jantar, Encomenda, Mesa de Natal, Peru \u00e9 o prato que n\u00e3o pode faltar na sua mesa de Natal\" \/>\n<meta property=\"og:url\" content=\"https:\/\/camelorestaurantes.com\/camelo\/peru-recheado-natal\/\" \/>\n<meta property=\"og:site_name\" content=\"Restaurante Camelo\" \/>\n<meta property=\"article:published_time\" content=\"2025-11-25T17:47:00+00:00\" \/>\n<meta property=\"article:modified_time\" content=\"2025-11-26T20:56:18+00:00\" \/>\n<meta property=\"og:image\" content=\"http:\/\/camelorestaurantes.com\/camelo\/wp-content\/uploads\/2022\/12\/perunatal_2022_3.jpg\" \/>\n\t<meta property=\"og:image:width\" content=\"880\" \/>\n\t<meta property=\"og:image:height\" content=\"332\" \/>\n\t<meta property=\"og:image:type\" content=\"image\/jpeg\" \/>\n<meta name=\"author\" content=\"rcamelo\" \/>\n<meta name=\"twitter:card\" content=\"summary_large_image\" \/>\n<meta name=\"twitter:label1\" content=\"Escrito por\" \/>\n\t<meta name=\"twitter:data1\" content=\"rcamelo\" \/>\n\t<meta name=\"twitter:label2\" content=\"Tempo estimado de leitura\" \/>\n\t<meta name=\"twitter:data2\" content=\"3 minutos\" \/>\n<script type=\"application\/ld+json\" class=\"yoast-schema-graph\">{\"@context\":\"https:\\\/\\\/schema.org\",\"@graph\":[{\"@type\":\"Article\",\"@id\":\"https:\\\/\\\/camelorestaurantes.com\\\/camelo\\\/peru-recheado-natal\\\/#article\",\"isPartOf\":{\"@id\":\"https:\\\/\\\/camelorestaurantes.com\\\/camelo\\\/peru-recheado-natal\\\/\"},\"author\":{\"name\":\"rcamelo\",\"@id\":\"https:\\\/\\\/camelorestaurantes.com\\\/camelo\\\/#\\\/schema\\\/person\\\/88ff59ea0bbf53ac653072b7e5223c8b\"},\"headline\":\"A Estrela principal da sua mesa de Natal\",\"datePublished\":\"2025-11-25T17:47:00+00:00\",\"dateModified\":\"2025-11-26T20:56:18+00:00\",\"mainEntityOfPage\":{\"@id\":\"https:\\\/\\\/camelorestaurantes.com\\\/camelo\\\/peru-recheado-natal\\\/\"},\"wordCount\":450,\"image\":{\"@id\":\"https:\\\/\\\/camelorestaurantes.com\\\/camelo\\\/peru-recheado-natal\\\/#primaryimage\"},\"thumbnailUrl\":\"https:\\\/\\\/camelorestaurantes.com\\\/camelo\\\/wp-content\\\/uploads\\\/2022\\\/12\\\/perunatal_2022_3.jpg\",\"keywords\":[\"Ceia de Natal\",\"Familia\",\"Jantar de natal\",\"Natal\",\"Peru\",\"Tradi\u00e7\u00e3o\"],\"articleSection\":[\"Our Blog\"],\"inLanguage\":\"pt-PT\"},{\"@type\":\"WebPage\",\"@id\":\"https:\\\/\\\/camelorestaurantes.com\\\/camelo\\\/peru-recheado-natal\\\/\",\"url\":\"https:\\\/\\\/camelorestaurantes.com\\\/camelo\\\/peru-recheado-natal\\\/\",\"name\":\"A Estrela principal da sua mesa de Natal - Restaurante Camelo\",\"isPartOf\":{\"@id\":\"https:\\\/\\\/camelorestaurantes.com\\\/camelo\\\/#website\"},\"primaryImageOfPage\":{\"@id\":\"https:\\\/\\\/camelorestaurantes.com\\\/camelo\\\/peru-recheado-natal\\\/#primaryimage\"},\"image\":{\"@id\":\"https:\\\/\\\/camelorestaurantes.com\\\/camelo\\\/peru-recheado-natal\\\/#primaryimage\"},\"thumbnailUrl\":\"https:\\\/\\\/camelorestaurantes.com\\\/camelo\\\/wp-content\\\/uploads\\\/2022\\\/12\\\/perunatal_2022_3.jpg\",\"datePublished\":\"2025-11-25T17:47:00+00:00\",\"dateModified\":\"2025-11-26T20:56:18+00:00\",\"author\":{\"@id\":\"https:\\\/\\\/camelorestaurantes.com\\\/camelo\\\/#\\\/schema\\\/person\\\/88ff59ea0bbf53ac653072b7e5223c8b\"},\"description\":\"Peru recheado, Natal, Ceia de Natal, Tradi\u00e7\u00e3o, Jantar, Encomenda, Mesa de Natal, Peru \u00e9 o prato que n\u00e3o pode faltar na sua mesa de Natal\",\"breadcrumb\":{\"@id\":\"https:\\\/\\\/camelorestaurantes.com\\\/camelo\\\/peru-recheado-natal\\\/#breadcrumb\"},\"inLanguage\":\"pt-PT\",\"potentialAction\":[{\"@type\":\"ReadAction\",\"target\":[\"https:\\\/\\\/camelorestaurantes.com\\\/camelo\\\/peru-recheado-natal\\\/\"]}]},{\"@type\":\"ImageObject\",\"inLanguage\":\"pt-PT\",\"@id\":\"https:\\\/\\\/camelorestaurantes.com\\\/camelo\\\/peru-recheado-natal\\\/#primaryimage\",\"url\":\"https:\\\/\\\/camelorestaurantes.com\\\/camelo\\\/wp-content\\\/uploads\\\/2022\\\/12\\\/perunatal_2022_3.jpg\",\"contentUrl\":\"https:\\\/\\\/camelorestaurantes.com\\\/camelo\\\/wp-content\\\/uploads\\\/2022\\\/12\\\/perunatal_2022_3.jpg\",\"width\":880,\"height\":332},{\"@type\":\"BreadcrumbList\",\"@id\":\"https:\\\/\\\/camelorestaurantes.com\\\/camelo\\\/peru-recheado-natal\\\/#breadcrumb\",\"itemListElement\":[{\"@type\":\"ListItem\",\"position\":1,\"name\":\"In\u00edcio\",\"item\":\"https:\\\/\\\/camelorestaurantes.com\\\/camelo\\\/\"},{\"@type\":\"ListItem\",\"position\":2,\"name\":\"A Estrela principal da sua mesa de Natal\"}]},{\"@type\":\"WebSite\",\"@id\":\"https:\\\/\\\/camelorestaurantes.com\\\/camelo\\\/#website\",\"url\":\"https:\\\/\\\/camelorestaurantes.com\\\/camelo\\\/\",\"name\":\"Restaurante Camelo\",\"description\":\"Sabores Naturais\",\"potentialAction\":[{\"@type\":\"SearchAction\",\"target\":{\"@type\":\"EntryPoint\",\"urlTemplate\":\"https:\\\/\\\/camelorestaurantes.com\\\/camelo\\\/?s={search_term_string}\"},\"query-input\":{\"@type\":\"PropertyValueSpecification\",\"valueRequired\":true,\"valueName\":\"search_term_string\"}}],\"inLanguage\":\"pt-PT\"},{\"@type\":\"Person\",\"@id\":\"https:\\\/\\\/camelorestaurantes.com\\\/camelo\\\/#\\\/schema\\\/person\\\/88ff59ea0bbf53ac653072b7e5223c8b\",\"name\":\"rcamelo\",\"image\":{\"@type\":\"ImageObject\",\"inLanguage\":\"pt-PT\",\"@id\":\"https:\\\/\\\/secure.gravatar.com\\\/avatar\\\/5206efbef3eef0313faa700bb711d0185e71b90accef2667a8e42d80ae52b05b?s=96&d=mm&r=r\",\"url\":\"https:\\\/\\\/secure.gravatar.com\\\/avatar\\\/5206efbef3eef0313faa700bb711d0185e71b90accef2667a8e42d80ae52b05b?s=96&d=mm&r=r\",\"contentUrl\":\"https:\\\/\\\/secure.gravatar.com\\\/avatar\\\/5206efbef3eef0313faa700bb711d0185e71b90accef2667a8e42d80ae52b05b?s=96&d=mm&r=r\",\"caption\":\"rcamelo\"},\"url\":\"https:\\\/\\\/camelorestaurantes.com\\\/camelo\\\/author\\\/rcamelo\\\/\"}]}<\/script>\n<!-- \/ Yoast SEO plugin. -->","yoast_head_json":{"title":"A Estrela principal da sua mesa de Natal - Restaurante Camelo","description":"Peru recheado, Natal, Ceia de Natal, Tradi\u00e7\u00e3o, Jantar, Encomenda, Mesa de Natal, Peru \u00e9 o prato que n\u00e3o pode faltar na sua mesa de Natal","robots":{"index":"index","follow":"follow","max-snippet":"max-snippet:-1","max-image-preview":"max-image-preview:large","max-video-preview":"max-video-preview:-1"},"canonical":"https:\/\/camelorestaurantes.com\/camelo\/peru-recheado-natal\/","og_locale":"pt_PT","og_type":"article","og_title":"A Estrela principal da sua mesa de Natal - Restaurante Camelo","og_description":"Peru recheado, Natal, Ceia de Natal, Tradi\u00e7\u00e3o, Jantar, Encomenda, Mesa de Natal, Peru \u00e9 o prato que n\u00e3o pode faltar na sua mesa de Natal","og_url":"https:\/\/camelorestaurantes.com\/camelo\/peru-recheado-natal\/","og_site_name":"Restaurante Camelo","article_published_time":"2025-11-25T17:47:00+00:00","article_modified_time":"2025-11-26T20:56:18+00:00","og_image":[{"width":880,"height":332,"url":"http:\/\/camelorestaurantes.com\/camelo\/wp-content\/uploads\/2022\/12\/perunatal_2022_3.jpg","type":"image\/jpeg"}],"author":"rcamelo","twitter_card":"summary_large_image","twitter_misc":{"Escrito por":"rcamelo","Tempo estimado de leitura":"3 minutos"},"schema":{"@context":"https:\/\/schema.org","@graph":[{"@type":"Article","@id":"https:\/\/camelorestaurantes.com\/camelo\/peru-recheado-natal\/#article","isPartOf":{"@id":"https:\/\/camelorestaurantes.com\/camelo\/peru-recheado-natal\/"},"author":{"name":"rcamelo","@id":"https:\/\/camelorestaurantes.com\/camelo\/#\/schema\/person\/88ff59ea0bbf53ac653072b7e5223c8b"},"headline":"A Estrela principal da sua mesa de Natal","datePublished":"2025-11-25T17:47:00+00:00","dateModified":"2025-11-26T20:56:18+00:00","mainEntityOfPage":{"@id":"https:\/\/camelorestaurantes.com\/camelo\/peru-recheado-natal\/"},"wordCount":450,"image":{"@id":"https:\/\/camelorestaurantes.com\/camelo\/peru-recheado-natal\/#primaryimage"},"thumbnailUrl":"https:\/\/camelorestaurantes.com\/camelo\/wp-content\/uploads\/2022\/12\/perunatal_2022_3.jpg","keywords":["Ceia de Natal","Familia","Jantar de natal","Natal","Peru","Tradi\u00e7\u00e3o"],"articleSection":["Our Blog"],"inLanguage":"pt-PT"},{"@type":"WebPage","@id":"https:\/\/camelorestaurantes.com\/camelo\/peru-recheado-natal\/","url":"https:\/\/camelorestaurantes.com\/camelo\/peru-recheado-natal\/","name":"A Estrela principal da sua mesa de Natal - Restaurante Camelo","isPartOf":{"@id":"https:\/\/camelorestaurantes.com\/camelo\/#website"},"primaryImageOfPage":{"@id":"https:\/\/camelorestaurantes.com\/camelo\/peru-recheado-natal\/#primaryimage"},"image":{"@id":"https:\/\/camelorestaurantes.com\/camelo\/peru-recheado-natal\/#primaryimage"},"thumbnailUrl":"https:\/\/camelorestaurantes.com\/camelo\/wp-content\/uploads\/2022\/12\/perunatal_2022_3.jpg","datePublished":"2025-11-25T17:47:00+00:00","dateModified":"2025-11-26T20:56:18+00:00","author":{"@id":"https:\/\/camelorestaurantes.com\/camelo\/#\/schema\/person\/88ff59ea0bbf53ac653072b7e5223c8b"},"description":"Peru recheado, Natal, Ceia de Natal, Tradi\u00e7\u00e3o, Jantar, Encomenda, Mesa de Natal, Peru \u00e9 o prato que n\u00e3o pode faltar na sua mesa de Natal","breadcrumb":{"@id":"https:\/\/camelorestaurantes.com\/camelo\/peru-recheado-natal\/#breadcrumb"},"inLanguage":"pt-PT","potentialAction":[{"@type":"ReadAction","target":["https:\/\/camelorestaurantes.com\/camelo\/peru-recheado-natal\/"]}]},{"@type":"ImageObject","inLanguage":"pt-PT","@id":"https:\/\/camelorestaurantes.com\/camelo\/peru-recheado-natal\/#primaryimage","url":"https:\/\/camelorestaurantes.com\/camelo\/wp-content\/uploads\/2022\/12\/perunatal_2022_3.jpg","contentUrl":"https:\/\/camelorestaurantes.com\/camelo\/wp-content\/uploads\/2022\/12\/perunatal_2022_3.jpg","width":880,"height":332},{"@type":"BreadcrumbList","@id":"https:\/\/camelorestaurantes.com\/camelo\/peru-recheado-natal\/#breadcrumb","itemListElement":[{"@type":"ListItem","position":1,"name":"In\u00edcio","item":"https:\/\/camelorestaurantes.com\/camelo\/"},{"@type":"ListItem","position":2,"name":"A Estrela principal da sua mesa de Natal"}]},{"@type":"WebSite","@id":"https:\/\/camelorestaurantes.com\/camelo\/#website","url":"https:\/\/camelorestaurantes.com\/camelo\/","name":"Restaurante Camelo","description":"Sabores Naturais","potentialAction":[{"@type":"SearchAction","target":{"@type":"EntryPoint","urlTemplate":"https:\/\/camelorestaurantes.com\/camelo\/?s={search_term_string}"},"query-input":{"@type":"PropertyValueSpecification","valueRequired":true,"valueName":"search_term_string"}}],"inLanguage":"pt-PT"},{"@type":"Person","@id":"https:\/\/camelorestaurantes.com\/camelo\/#\/schema\/person\/88ff59ea0bbf53ac653072b7e5223c8b","name":"rcamelo","image":{"@type":"ImageObject","inLanguage":"pt-PT","@id":"https:\/\/secure.gravatar.com\/avatar\/5206efbef3eef0313faa700bb711d0185e71b90accef2667a8e42d80ae52b05b?s=96&d=mm&r=r","url":"https:\/\/secure.gravatar.com\/avatar\/5206efbef3eef0313faa700bb711d0185e71b90accef2667a8e42d80ae52b05b?s=96&d=mm&r=r","contentUrl":"https:\/\/secure.gravatar.com\/avatar\/5206efbef3eef0313faa700bb711d0185e71b90accef2667a8e42d80ae52b05b?s=96&d=mm&r=r","caption":"rcamelo"},"url":"https:\/\/camelorestaurantes.com\/camelo\/author\/rcamelo\/"}]}},"_links":{"self":[{"href":"https:\/\/camelorestaurantes.com\/camelo\/wp-json\/wp\/v2\/posts\/1099","targetHints":{"allow":["GET"]}}],"collection":[{"href":"https:\/\/camelorestaurantes.com\/camelo\/wp-json\/wp\/v2\/posts"}],"about":[{"href":"https:\/\/camelorestaurantes.com\/camelo\/wp-json\/wp\/v2\/types\/post"}],"author":[{"embeddable":true,"href":"https:\/\/camelorestaurantes.com\/camelo\/wp-json\/wp\/v2\/users\/1"}],"replies":[{"embeddable":true,"href":"https:\/\/camelorestaurantes.com\/camelo\/wp-json\/wp\/v2\/comments?post=1099"}],"version-history":[{"count":6,"href":"https:\/\/camelorestaurantes.com\/camelo\/wp-json\/wp\/v2\/posts\/1099\/revisions"}],"predecessor-version":[{"id":1325,"href":"https:\/\/camelorestaurantes.com\/camelo\/wp-json\/wp\/v2\/posts\/1099\/revisions\/1325"}],"wp:featuredmedia":[{"embeddable":true,"href":"https:\/\/camelorestaurantes.com\/camelo\/wp-json\/wp\/v2\/media\/1102"}],"wp:attachment":[{"href":"https:\/\/camelorestaurantes.com\/camelo\/wp-json\/wp\/v2\/media?parent=1099"}],"wp:term":[{"taxonomy":"category","embeddable":true,"href":"https:\/\/camelorestaurantes.com\/camelo\/wp-json\/wp\/v2\/categories?post=1099"},{"taxonomy":"post_tag","embeddable":true,"href":"https:\/\/camelorestaurantes.com\/camelo\/wp-json\/wp\/v2\/tags?post=1099"}],"curies":[{"name":"wp","href":"https:\/\/api.w.org\/{rel}","templated":true}]}}