{"id":1035,"date":"2024-04-15T09:44:04","date_gmt":"2024-04-15T09:44:04","guid":{"rendered":"https:\/\/camelorestaurantes.com\/camelo\/?p=1035"},"modified":"2024-04-16T18:50:11","modified_gmt":"2024-04-16T18:50:11","slug":"estamos-a-recrutar-sala","status":"publish","type":"post","link":"https:\/\/camelorestaurantes.com\/camelo\/estamos-a-recrutar-sala\/","title":{"rendered":"ESTAMOS A RECRUTAR &#8211; Colaborador de Sala"},"content":{"rendered":"<h3><strong>Vamos aumentar a nossa equipa<\/strong><\/h3>\n<p>&nbsp;<\/p>\n<p>O grupo Camelo pretende integrar na sua equipa um\/uma colaborador\/a para o nosso restaurante de Viana do Castelo. Garantimos a qualidade dos nossos servi\u00e7os, apostando na valoriza\u00e7\u00e3o dos nossos colaboradores, estando SEMPRE PERTO DE SI!<\/p>\n<p>O QUE PRETENDEMOS<\/p>\n<p><strong>Colaborador de Sala\u00a0<\/strong><\/p>\n<ul>\n<li>&#8211; Forma\u00e7\u00e3o e experi\u00eancia na \u00e1rea da Restaura\u00e7\u00e3o. ( preferencial)<\/li>\n<li>&#8211; O teu foco \u00e9 garantir que o cliente tem a melhor experi\u00eancia gastron\u00f3mica.<\/li>\n<li>&#8211; Tens gosto pela \u00e1rea e queres aprender muito mais. Tens sempre um elevado sentido de responsabilidade.<\/li>\n<li>&#8211; Tens boa capacidade de comunica\u00e7\u00e3o, que ser\u00e1 direcionada para clientes e colegas de equipa.<\/li>\n<li>&#8211; Tens um gosto e talento especial direcionado para as vendas.<\/li>\n<li>&#8211; Organizado(a), polivalente, proativo(a) e din\u00e2mico(a).<\/li>\n<li>&#8211; \u00c9s fluente em mais do que uma l\u00edngua. (mais valia)<\/li>\n<li>&#8211; Tens tamb\u00e9m flexibilidade de hor\u00e1rios.<\/li>\n<li>&#8211; \u00c9s ambicioso(a) e sabes que este \u00e9 o espa\u00e7o certo para cresceres.<\/li>\n<\/ul>\n<p>O QUE OFERECEMOS<\/p>\n<p>Para al\u00e9m da integra\u00e7\u00e3o numa empresa din\u00e2mica, que acredita em causas sociais e ambientais e que valoriza os seus colaboradores, podes contar com:<\/p>\n<ul>\n<li>&#8211; Integra\u00e7\u00e3o num ambiente positivo, diverso e inclusivo;<\/li>\n<li>&#8211; Pol\u00edticas de responsabilidade social e ambiental.<\/li>\n<li>&#8211; Vencimento acima da m\u00e9dia<\/li>\n<li>&#8211; Eventos internos de motiva\u00e7\u00e3o, forma\u00e7\u00e3o e \u00e9pocas festivas;<\/li>\n<li>&#8211; Majora\u00e7\u00e3o de f\u00e9rias em fun\u00e7\u00e3o da assiduidade;<\/li>\n<li>&#8211; Ofertas de Natal e Anivers\u00e1rio;<\/li>\n<li>&#8211; Pr\u00e9mio anual em fun\u00e7\u00e3o dos resultados<\/li>\n<li>&#8211; Contrato de Trabalho<\/li>\n<\/ul>\n<div class=\"frm_forms  with_frm_style frm_style_formidable-style\" id=\"frm_form_3_container\" data-token=\"7f5277875582e84683017cac7ca2a0b9\"><form enctype=\"multipart\/form-data\" method=\"post\" class=\"frm-show-form  frm_js_validate  frm_ajax_submit \" id=\"form_recrutamento\" data-token=\"7f5277875582e84683017cac7ca2a0b9\"><div class=\"frm_form_fields \"><fieldset><legend class=\"frm_screen_reader\">Recrutamento<\/legend><h3 class=\"frm_form_title\">Recrutamento<\/h3><div class=\"frm_fields_container\"><input type=\"hidden\" name=\"frm_action\" value=\"create\" \/><input type=\"hidden\" name=\"form_id\" value=\"3\" \/><input type=\"hidden\" name=\"frm_hide_fields_3\" id=\"frm_hide_fields_3\" value=\"\" \/><input type=\"hidden\" name=\"form_key\" value=\"recrutamento\" \/><input type=\"hidden\" name=\"item_meta[0]\" value=\"\" \/><input type=\"hidden\" id=\"frm_submit_entry_3\" name=\"frm_submit_entry_3\" value=\"58959c1c92\" \/><input type=\"hidden\" name=\"_wp_http_referer\" value=\"\/camelo\/wp-json\/wp\/v2\/posts\/1035\" \/><div id=\"frm_field_15_container\" class=\"frm_form_field form-field  frm_required_field frm_top_container frm6 frm_first\"><label for=\"field_yn768\" id=\"field_yn768_label\" class=\"frm_primary_label\">Nome<span class=\"frm_required\" aria-hidden=\"true\">*<\/span><\/label><input type=\"text\" id=\"field_yn768\" name=\"item_meta[15]\" value=\"\"  data-reqmsg=\"Nome cannot be blank.\" aria-required=\"true\" data-invmsg=\"Nome is invalid\" aria-invalid=\"false\"  \/><\/div><div id=\"frm_field_16_container\" class=\"frm_form_field form-field  frm_required_field frm_top_container frm6\"><label for=\"field_utepv\" id=\"field_utepv_label\" class=\"frm_primary_label\">Sobrenome<span class=\"frm_required\" aria-hidden=\"true\">*<\/span><\/label><input type=\"text\" id=\"field_utepv\" name=\"item_meta[16]\" value=\"\"  data-reqmsg=\"Sobrenome cannot be blank.\" aria-required=\"true\" data-invmsg=\"Sobrenome is invalid\" aria-invalid=\"false\"  \/><\/div><div id=\"frm_field_7_container\" class=\"frm_form_field form-field  frm_required_field frm_top_container\"><label for=\"field_es1oj\" id=\"field_es1oj_label\" class=\"frm_primary_label\">Email<span class=\"frm_required\" aria-hidden=\"true\">*<\/span><\/label><input type=\"email\" id=\"field_es1oj\" name=\"item_meta[7]\" value=\"\"  data-reqmsg=\"Email cannot be blank.\" aria-required=\"true\" data-invmsg=\"Email is invalid\" aria-invalid=\"false\"  \/><\/div><div id=\"frm_field_8_container\" class=\"frm_form_field form-field  frm_required_field frm_top_container\"><label for=\"field_qjcyg\" id=\"field_qjcyg_label\" class=\"frm_primary_label\">Telefone<span class=\"frm_required\" aria-hidden=\"true\">*<\/span><\/label><input type=\"tel\" id=\"field_qjcyg\" name=\"item_meta[8]\" value=\"\"  maxlength=\"9\" data-reqmsg=\"Telefone cannot be blank.\" aria-required=\"true\" data-invmsg=\"Telefone is invalid\" aria-invalid=\"false\" pattern=\"\\d\\d-\\d\\d\\d-\\d\\d-\\d\\d$\"  \/><\/div><div id=\"frm_field_9_container\" class=\"frm_form_field form-field  frm_required_field frm_top_container\"><label for=\"field_wumhf\" id=\"field_wumhf_label\" class=\"frm_primary_label\">Sexo<span class=\"frm_required\" aria-hidden=\"true\">*<\/span><\/label><select name=\"item_meta[9]\" id=\"field_wumhf\"  data-reqmsg=\"Sexo cannot be blank.\" aria-required=\"true\" data-invmsg=\"Sexo is invalid\" aria-invalid=\"false\"  ><option  value=\"Feminino\">Feminino<\/option><option  value=\"Masculino\">Masculino<\/option><option  value=\"Outro\">Outro<\/option><\/select><\/div><div id=\"frm_field_10_container\" class=\"frm_form_field form-field  frm_required_field frm_top_container frm6 frm_first\"><label for=\"field_kjn53\" id=\"field_kjn53_label\" class=\"frm_primary_label\">Morada<span class=\"frm_required\" aria-hidden=\"true\">*<\/span><\/label><input type=\"text\" id=\"field_kjn53\" name=\"item_meta[10]\" value=\"\"  data-reqmsg=\"Morada cannot be blank.\" aria-required=\"true\" data-invmsg=\"Morada is invalid\" aria-invalid=\"false\"  \/><\/div><div id=\"frm_field_11_container\" class=\"frm_form_field form-field  frm_required_field frm_top_container frm6\"><label for=\"field_p94wa\" id=\"field_p94wa_label\" class=\"frm_primary_label\">Localidade<span class=\"frm_required\" aria-hidden=\"true\">*<\/span><\/label><input type=\"text\" id=\"field_p94wa\" name=\"item_meta[11]\" value=\"\"  data-reqmsg=\"Localidade cannot be blank.\" aria-required=\"true\" data-invmsg=\"Localidade is invalid\" aria-invalid=\"false\"  \/><\/div><div id=\"frm_field_14_container\" class=\"frm_form_field form-field  frm_required_field frm_top_container frm12 frm_first vertical_radio\"><div  id=\"field_qu4jy_label\" class=\"frm_primary_label\">A que fun\u00e7\u00e3o concorre?<span class=\"frm_required\" aria-hidden=\"true\">*<\/span><\/div><div class=\"frm_opt_container\" aria-labelledby=\"field_qu4jy_label\" role=\"radiogroup\" aria-required=\"true\"><div class=\"frm_radio\" id=\"frm_radio_14-0\"><label  for=\"field_qu4jy-0\"><input type=\"radio\" name=\"item_meta[14]\" id=\"field_qu4jy-0\" value=\"Sous Chef de Cozinha\" data-reqmsg=\"A que fun\u00e7\u00e3o concorre? cannot be blank.\" data-invmsg=\"A que fun\u00e7\u00e3o concorre? is invalid\"   \/> Sous Chef de Cozinha<\/label><\/div><div class=\"frm_radio\" id=\"frm_radio_14-1\"><label  for=\"field_qu4jy-1\"><input type=\"radio\" name=\"item_meta[14]\" id=\"field_qu4jy-1\" value=\"Colaborador de Sala\" data-reqmsg=\"A que fun\u00e7\u00e3o concorre? cannot be blank.\" data-invmsg=\"A que fun\u00e7\u00e3o concorre? is invalid\"   \/> Colaborador de Sala<\/label><\/div><\/div><\/div><div id=\"frm_field_13_container\" class=\"frm_form_field form-field  frm_required_field frm_top_container frm12 frm_first\"><label for=\"field_vmdap\" id=\"field_vmdap_label\" class=\"frm_primary_label\">Breve Apresenta\u00e7\u00e3o<span class=\"frm_required\" aria-hidden=\"true\">*<\/span><\/label><textarea name=\"item_meta[13]\" id=\"field_vmdap\" rows=\"5\"  data-reqmsg=\"Breve Apresenta\u00e7\u00e3o cannot be blank.\" aria-required=\"true\" data-invmsg=\"Breve Apresenta\u00e7\u00e3o is invalid\" aria-invalid=\"false\"  ><\/textarea><\/div><div id=\"frm_field_12_container\" class=\"frm_form_field form-field  frm_required_field frm_top_container\"><label for=\"field_am3bn\" id=\"field_am3bn_label\" class=\"frm_primary_label\">Experi\u00eancia dos \u00faltimos 5 anos<span class=\"frm_required\" aria-hidden=\"true\">*<\/span><\/label><textarea name=\"item_meta[12]\" id=\"field_am3bn\" rows=\"25\"  data-reqmsg=\"Experi\u00eancia dos \u00faltimos 5 anos cannot be blank.\" aria-required=\"true\" data-invmsg=\"Experi\u00eancia dos \u00faltimos 5 anos is invalid\" aria-invalid=\"false\"  ><\/textarea><\/div><input type=\"hidden\" name=\"item_key\" value=\"\" \/><div id=\"frm_field_23_container\"><label for=\"field_s17a2\" >If you are human, leave this field blank.<\/label><input  id=\"field_s17a2\" type=\"text\" class=\"frm_form_field form-field frm_verify\" name=\"item_meta[23]\" value=\"\"  \/><\/div><input name=\"frm_state\" type=\"hidden\" value=\"G6XDDkBPmm1sHCNgBuhAEXIJWmQp7ZbEVgSI4i3YxRM=\" \/><div class=\"frm_submit frm_flex\"><button class=\"frm_button_submit\" type=\"submit\"  >Submit<\/button><\/div><\/div><\/fieldset><\/div><\/form><\/div>\n<p>Ou envia o teu Curriculum para rh@camelorestaurantes.com ou liga para o n\u00famero +351 258 839 090<\/p>\n<p>&nbsp;<\/p>\n","protected":false},"excerpt":{"rendered":"<p>Vamos aumentar a nossa equipa &nbsp; O grupo Camelo pretende integrar na sua equipa um\/uma colaborador\/a para o nosso restaurante de Viana do Castelo. Garantimos a qualidade dos nossos servi\u00e7os, apostando na valoriza\u00e7\u00e3o dos nossos colaboradores, estando SEMPRE PERTO DE SI! O QUE PRETENDEMOS Colaborador de Sala\u00a0 &#8211; Forma\u00e7\u00e3o e experi\u00eancia na \u00e1rea da Restaura\u00e7\u00e3o.&hellip;<\/p>\n","protected":false},"author":1,"featured_media":1254,"comment_status":"closed","ping_status":"closed","sticky":false,"template":"","format":"standard","meta":{"footnotes":""},"categories":[7],"tags":[],"class_list":["post-1035","post","type-post","status-publish","format-standard","has-post-thumbnail","hentry","category-our-blog"],"yoast_head":"<!-- This site is optimized with the Yoast SEO plugin v27.3 - https:\/\/yoast.com\/product\/yoast-seo-wordpress\/ -->\n<title>ESTAMOS A RECRUTAR - Colaborador de Sala - Restaurante Camelo<\/title>\n<meta name=\"description\" content=\"Estamos a Recrutar, O grupo Camelo pretende integrar na sua equipa dois\/duas colaboradores\/as para o nosso restaurante de Viana do Castelo\" \/>\n<meta name=\"robots\" content=\"index, follow, max-snippet:-1, max-image-preview:large, max-video-preview:-1\" \/>\n<link rel=\"canonical\" href=\"https:\/\/camelorestaurantes.com\/camelo\/estamos-a-recrutar-sala\/\" \/>\n<meta property=\"og:locale\" content=\"pt_PT\" \/>\n<meta property=\"og:type\" content=\"article\" \/>\n<meta property=\"og:title\" content=\"ESTAMOS A RECRUTAR - Colaborador de Sala - Restaurante Camelo\" \/>\n<meta property=\"og:description\" content=\"Estamos a Recrutar, O grupo Camelo pretende integrar na sua equipa dois\/duas colaboradores\/as para o nosso restaurante de Viana do Castelo\" \/>\n<meta property=\"og:url\" content=\"https:\/\/camelorestaurantes.com\/camelo\/estamos-a-recrutar-sala\/\" \/>\n<meta property=\"og:site_name\" content=\"Restaurante Camelo\" \/>\n<meta property=\"article:published_time\" content=\"2024-04-15T09:44:04+00:00\" \/>\n<meta property=\"article:modified_time\" content=\"2024-04-16T18:50:11+00:00\" \/>\n<meta property=\"og:image\" content=\"http:\/\/camelorestaurantes.com\/camelo\/wp-content\/uploads\/2023\/03\/sala_camelo_recrutamento.jpg\" \/>\n\t<meta property=\"og:image:width\" content=\"880\" \/>\n\t<meta property=\"og:image:height\" content=\"332\" \/>\n\t<meta property=\"og:image:type\" content=\"image\/jpeg\" \/>\n<meta name=\"author\" content=\"rcamelo\" \/>\n<meta name=\"twitter:card\" content=\"summary_large_image\" \/>\n<meta name=\"twitter:label1\" content=\"Escrito por\" \/>\n\t<meta name=\"twitter:data1\" content=\"rcamelo\" \/>\n\t<meta name=\"twitter:label2\" content=\"Tempo estimado de leitura\" \/>\n\t<meta name=\"twitter:data2\" content=\"2 minutos\" \/>\n<script type=\"application\/ld+json\" class=\"yoast-schema-graph\">{\"@context\":\"https:\\\/\\\/schema.org\",\"@graph\":[{\"@type\":\"Article\",\"@id\":\"https:\\\/\\\/camelorestaurantes.com\\\/camelo\\\/estamos-a-recrutar-sala\\\/#article\",\"isPartOf\":{\"@id\":\"https:\\\/\\\/camelorestaurantes.com\\\/camelo\\\/estamos-a-recrutar-sala\\\/\"},\"author\":{\"name\":\"rcamelo\",\"@id\":\"https:\\\/\\\/camelorestaurantes.com\\\/camelo\\\/#\\\/schema\\\/person\\\/88ff59ea0bbf53ac653072b7e5223c8b\"},\"headline\":\"ESTAMOS A RECRUTAR &#8211; Colaborador de Sala\",\"datePublished\":\"2024-04-15T09:44:04+00:00\",\"dateModified\":\"2024-04-16T18:50:11+00:00\",\"mainEntityOfPage\":{\"@id\":\"https:\\\/\\\/camelorestaurantes.com\\\/camelo\\\/estamos-a-recrutar-sala\\\/\"},\"wordCount\":288,\"image\":{\"@id\":\"https:\\\/\\\/camelorestaurantes.com\\\/camelo\\\/estamos-a-recrutar-sala\\\/#primaryimage\"},\"thumbnailUrl\":\"https:\\\/\\\/camelorestaurantes.com\\\/camelo\\\/wp-content\\\/uploads\\\/2023\\\/03\\\/sala_camelo_recrutamento.jpg\",\"articleSection\":[\"Our Blog\"],\"inLanguage\":\"pt-PT\"},{\"@type\":\"WebPage\",\"@id\":\"https:\\\/\\\/camelorestaurantes.com\\\/camelo\\\/estamos-a-recrutar-sala\\\/\",\"url\":\"https:\\\/\\\/camelorestaurantes.com\\\/camelo\\\/estamos-a-recrutar-sala\\\/\",\"name\":\"ESTAMOS A RECRUTAR - Colaborador de Sala - Restaurante Camelo\",\"isPartOf\":{\"@id\":\"https:\\\/\\\/camelorestaurantes.com\\\/camelo\\\/#website\"},\"primaryImageOfPage\":{\"@id\":\"https:\\\/\\\/camelorestaurantes.com\\\/camelo\\\/estamos-a-recrutar-sala\\\/#primaryimage\"},\"image\":{\"@id\":\"https:\\\/\\\/camelorestaurantes.com\\\/camelo\\\/estamos-a-recrutar-sala\\\/#primaryimage\"},\"thumbnailUrl\":\"https:\\\/\\\/camelorestaurantes.com\\\/camelo\\\/wp-content\\\/uploads\\\/2023\\\/03\\\/sala_camelo_recrutamento.jpg\",\"datePublished\":\"2024-04-15T09:44:04+00:00\",\"dateModified\":\"2024-04-16T18:50:11+00:00\",\"author\":{\"@id\":\"https:\\\/\\\/camelorestaurantes.com\\\/camelo\\\/#\\\/schema\\\/person\\\/88ff59ea0bbf53ac653072b7e5223c8b\"},\"description\":\"Estamos a Recrutar, O grupo Camelo pretende integrar na sua equipa dois\\\/duas colaboradores\\\/as para o nosso restaurante de Viana do Castelo\",\"breadcrumb\":{\"@id\":\"https:\\\/\\\/camelorestaurantes.com\\\/camelo\\\/estamos-a-recrutar-sala\\\/#breadcrumb\"},\"inLanguage\":\"pt-PT\",\"potentialAction\":[{\"@type\":\"ReadAction\",\"target\":[\"https:\\\/\\\/camelorestaurantes.com\\\/camelo\\\/estamos-a-recrutar-sala\\\/\"]}]},{\"@type\":\"ImageObject\",\"inLanguage\":\"pt-PT\",\"@id\":\"https:\\\/\\\/camelorestaurantes.com\\\/camelo\\\/estamos-a-recrutar-sala\\\/#primaryimage\",\"url\":\"https:\\\/\\\/camelorestaurantes.com\\\/camelo\\\/wp-content\\\/uploads\\\/2023\\\/03\\\/sala_camelo_recrutamento.jpg\",\"contentUrl\":\"https:\\\/\\\/camelorestaurantes.com\\\/camelo\\\/wp-content\\\/uploads\\\/2023\\\/03\\\/sala_camelo_recrutamento.jpg\",\"width\":880,\"height\":332},{\"@type\":\"BreadcrumbList\",\"@id\":\"https:\\\/\\\/camelorestaurantes.com\\\/camelo\\\/estamos-a-recrutar-sala\\\/#breadcrumb\",\"itemListElement\":[{\"@type\":\"ListItem\",\"position\":1,\"name\":\"In\u00edcio\",\"item\":\"https:\\\/\\\/camelorestaurantes.com\\\/camelo\\\/\"},{\"@type\":\"ListItem\",\"position\":2,\"name\":\"ESTAMOS A RECRUTAR &#8211; Colaborador de Sala\"}]},{\"@type\":\"WebSite\",\"@id\":\"https:\\\/\\\/camelorestaurantes.com\\\/camelo\\\/#website\",\"url\":\"https:\\\/\\\/camelorestaurantes.com\\\/camelo\\\/\",\"name\":\"Restaurante Camelo\",\"description\":\"Sabores Naturais\",\"potentialAction\":[{\"@type\":\"SearchAction\",\"target\":{\"@type\":\"EntryPoint\",\"urlTemplate\":\"https:\\\/\\\/camelorestaurantes.com\\\/camelo\\\/?s={search_term_string}\"},\"query-input\":{\"@type\":\"PropertyValueSpecification\",\"valueRequired\":true,\"valueName\":\"search_term_string\"}}],\"inLanguage\":\"pt-PT\"},{\"@type\":\"Person\",\"@id\":\"https:\\\/\\\/camelorestaurantes.com\\\/camelo\\\/#\\\/schema\\\/person\\\/88ff59ea0bbf53ac653072b7e5223c8b\",\"name\":\"rcamelo\",\"image\":{\"@type\":\"ImageObject\",\"inLanguage\":\"pt-PT\",\"@id\":\"https:\\\/\\\/secure.gravatar.com\\\/avatar\\\/5206efbef3eef0313faa700bb711d0185e71b90accef2667a8e42d80ae52b05b?s=96&d=mm&r=r\",\"url\":\"https:\\\/\\\/secure.gravatar.com\\\/avatar\\\/5206efbef3eef0313faa700bb711d0185e71b90accef2667a8e42d80ae52b05b?s=96&d=mm&r=r\",\"contentUrl\":\"https:\\\/\\\/secure.gravatar.com\\\/avatar\\\/5206efbef3eef0313faa700bb711d0185e71b90accef2667a8e42d80ae52b05b?s=96&d=mm&r=r\",\"caption\":\"rcamelo\"},\"url\":\"https:\\\/\\\/camelorestaurantes.com\\\/camelo\\\/author\\\/rcamelo\\\/\"}]}<\/script>\n<!-- \/ Yoast SEO plugin. -->","yoast_head_json":{"title":"ESTAMOS A RECRUTAR - Colaborador de Sala - Restaurante Camelo","description":"Estamos a Recrutar, O grupo Camelo pretende integrar na sua equipa dois\/duas colaboradores\/as para o nosso restaurante de Viana do Castelo","robots":{"index":"index","follow":"follow","max-snippet":"max-snippet:-1","max-image-preview":"max-image-preview:large","max-video-preview":"max-video-preview:-1"},"canonical":"https:\/\/camelorestaurantes.com\/camelo\/estamos-a-recrutar-sala\/","og_locale":"pt_PT","og_type":"article","og_title":"ESTAMOS A RECRUTAR - Colaborador de Sala - Restaurante Camelo","og_description":"Estamos a Recrutar, O grupo Camelo pretende integrar na sua equipa dois\/duas colaboradores\/as para o nosso restaurante de Viana do Castelo","og_url":"https:\/\/camelorestaurantes.com\/camelo\/estamos-a-recrutar-sala\/","og_site_name":"Restaurante Camelo","article_published_time":"2024-04-15T09:44:04+00:00","article_modified_time":"2024-04-16T18:50:11+00:00","og_image":[{"width":880,"height":332,"url":"http:\/\/camelorestaurantes.com\/camelo\/wp-content\/uploads\/2023\/03\/sala_camelo_recrutamento.jpg","type":"image\/jpeg"}],"author":"rcamelo","twitter_card":"summary_large_image","twitter_misc":{"Escrito por":"rcamelo","Tempo estimado de leitura":"2 minutos"},"schema":{"@context":"https:\/\/schema.org","@graph":[{"@type":"Article","@id":"https:\/\/camelorestaurantes.com\/camelo\/estamos-a-recrutar-sala\/#article","isPartOf":{"@id":"https:\/\/camelorestaurantes.com\/camelo\/estamos-a-recrutar-sala\/"},"author":{"name":"rcamelo","@id":"https:\/\/camelorestaurantes.com\/camelo\/#\/schema\/person\/88ff59ea0bbf53ac653072b7e5223c8b"},"headline":"ESTAMOS A RECRUTAR &#8211; Colaborador de Sala","datePublished":"2024-04-15T09:44:04+00:00","dateModified":"2024-04-16T18:50:11+00:00","mainEntityOfPage":{"@id":"https:\/\/camelorestaurantes.com\/camelo\/estamos-a-recrutar-sala\/"},"wordCount":288,"image":{"@id":"https:\/\/camelorestaurantes.com\/camelo\/estamos-a-recrutar-sala\/#primaryimage"},"thumbnailUrl":"https:\/\/camelorestaurantes.com\/camelo\/wp-content\/uploads\/2023\/03\/sala_camelo_recrutamento.jpg","articleSection":["Our Blog"],"inLanguage":"pt-PT"},{"@type":"WebPage","@id":"https:\/\/camelorestaurantes.com\/camelo\/estamos-a-recrutar-sala\/","url":"https:\/\/camelorestaurantes.com\/camelo\/estamos-a-recrutar-sala\/","name":"ESTAMOS A RECRUTAR - Colaborador de Sala - Restaurante Camelo","isPartOf":{"@id":"https:\/\/camelorestaurantes.com\/camelo\/#website"},"primaryImageOfPage":{"@id":"https:\/\/camelorestaurantes.com\/camelo\/estamos-a-recrutar-sala\/#primaryimage"},"image":{"@id":"https:\/\/camelorestaurantes.com\/camelo\/estamos-a-recrutar-sala\/#primaryimage"},"thumbnailUrl":"https:\/\/camelorestaurantes.com\/camelo\/wp-content\/uploads\/2023\/03\/sala_camelo_recrutamento.jpg","datePublished":"2024-04-15T09:44:04+00:00","dateModified":"2024-04-16T18:50:11+00:00","author":{"@id":"https:\/\/camelorestaurantes.com\/camelo\/#\/schema\/person\/88ff59ea0bbf53ac653072b7e5223c8b"},"description":"Estamos a Recrutar, O grupo Camelo pretende integrar na sua equipa dois\/duas colaboradores\/as para o nosso restaurante de Viana do Castelo","breadcrumb":{"@id":"https:\/\/camelorestaurantes.com\/camelo\/estamos-a-recrutar-sala\/#breadcrumb"},"inLanguage":"pt-PT","potentialAction":[{"@type":"ReadAction","target":["https:\/\/camelorestaurantes.com\/camelo\/estamos-a-recrutar-sala\/"]}]},{"@type":"ImageObject","inLanguage":"pt-PT","@id":"https:\/\/camelorestaurantes.com\/camelo\/estamos-a-recrutar-sala\/#primaryimage","url":"https:\/\/camelorestaurantes.com\/camelo\/wp-content\/uploads\/2023\/03\/sala_camelo_recrutamento.jpg","contentUrl":"https:\/\/camelorestaurantes.com\/camelo\/wp-content\/uploads\/2023\/03\/sala_camelo_recrutamento.jpg","width":880,"height":332},{"@type":"BreadcrumbList","@id":"https:\/\/camelorestaurantes.com\/camelo\/estamos-a-recrutar-sala\/#breadcrumb","itemListElement":[{"@type":"ListItem","position":1,"name":"In\u00edcio","item":"https:\/\/camelorestaurantes.com\/camelo\/"},{"@type":"ListItem","position":2,"name":"ESTAMOS A RECRUTAR &#8211; Colaborador de Sala"}]},{"@type":"WebSite","@id":"https:\/\/camelorestaurantes.com\/camelo\/#website","url":"https:\/\/camelorestaurantes.com\/camelo\/","name":"Restaurante Camelo","description":"Sabores Naturais","potentialAction":[{"@type":"SearchAction","target":{"@type":"EntryPoint","urlTemplate":"https:\/\/camelorestaurantes.com\/camelo\/?s={search_term_string}"},"query-input":{"@type":"PropertyValueSpecification","valueRequired":true,"valueName":"search_term_string"}}],"inLanguage":"pt-PT"},{"@type":"Person","@id":"https:\/\/camelorestaurantes.com\/camelo\/#\/schema\/person\/88ff59ea0bbf53ac653072b7e5223c8b","name":"rcamelo","image":{"@type":"ImageObject","inLanguage":"pt-PT","@id":"https:\/\/secure.gravatar.com\/avatar\/5206efbef3eef0313faa700bb711d0185e71b90accef2667a8e42d80ae52b05b?s=96&d=mm&r=r","url":"https:\/\/secure.gravatar.com\/avatar\/5206efbef3eef0313faa700bb711d0185e71b90accef2667a8e42d80ae52b05b?s=96&d=mm&r=r","contentUrl":"https:\/\/secure.gravatar.com\/avatar\/5206efbef3eef0313faa700bb711d0185e71b90accef2667a8e42d80ae52b05b?s=96&d=mm&r=r","caption":"rcamelo"},"url":"https:\/\/camelorestaurantes.com\/camelo\/author\/rcamelo\/"}]}},"_links":{"self":[{"href":"https:\/\/camelorestaurantes.com\/camelo\/wp-json\/wp\/v2\/posts\/1035","targetHints":{"allow":["GET"]}}],"collection":[{"href":"https:\/\/camelorestaurantes.com\/camelo\/wp-json\/wp\/v2\/posts"}],"about":[{"href":"https:\/\/camelorestaurantes.com\/camelo\/wp-json\/wp\/v2\/types\/post"}],"author":[{"embeddable":true,"href":"https:\/\/camelorestaurantes.com\/camelo\/wp-json\/wp\/v2\/users\/1"}],"replies":[{"embeddable":true,"href":"https:\/\/camelorestaurantes.com\/camelo\/wp-json\/wp\/v2\/comments?post=1035"}],"version-history":[{"count":10,"href":"https:\/\/camelorestaurantes.com\/camelo\/wp-json\/wp\/v2\/posts\/1035\/revisions"}],"predecessor-version":[{"id":1264,"href":"https:\/\/camelorestaurantes.com\/camelo\/wp-json\/wp\/v2\/posts\/1035\/revisions\/1264"}],"wp:featuredmedia":[{"embeddable":true,"href":"https:\/\/camelorestaurantes.com\/camelo\/wp-json\/wp\/v2\/media\/1254"}],"wp:attachment":[{"href":"https:\/\/camelorestaurantes.com\/camelo\/wp-json\/wp\/v2\/media?parent=1035"}],"wp:term":[{"taxonomy":"category","embeddable":true,"href":"https:\/\/camelorestaurantes.com\/camelo\/wp-json\/wp\/v2\/categories?post=1035"},{"taxonomy":"post_tag","embeddable":true,"href":"https:\/\/camelorestaurantes.com\/camelo\/wp-json\/wp\/v2\/tags?post=1035"}],"curies":[{"name":"wp","href":"https:\/\/api.w.org\/{rel}","templated":true}]}}